{"id":5980,"date":"2023-10-28T09:59:14","date_gmt":"2023-10-28T09:59:14","guid":{"rendered":"https:\/\/millinews.az\/xeber\/anama-sabahin-xeyir-dey%C9%99-bilm%C9%99dim\/"},"modified":"2023-10-28T09:59:14","modified_gmt":"2023-10-28T09:59:14","slug":"anama-sabahin-xeyir-dey%C9%99-bilm%C9%99dim","status":"publish","type":"post","link":"https:\/\/millitv.net\/?p=5980","title":{"rendered":"\u201cAnama \u201csabah\u0131n xeyir\u201d dey\u0259 bilm\u0259dim&#8230;\u201d"},"content":{"rendered":"<div id=\"maincontent\">&#13;<br \/>\n        &#13;<\/p>\n<p><strong>Sumqay\u0131tda silahl\u0131 h\u00fccum zaman\u0131 z\u0259r\u0259r\u00e7\u0259k\u0259nl\u0259rl\u0259 ba\u011fl\u0131 ilkin t\u0259f\u0259rr\u00fcat m\u0259lum olub. <\/strong><\/p>\n<p><a href=\"https:\/\/Millinews.az\" target=\"_blank\" class=\"kw-link\" rel=\"noopener\">Millinews.az<\/a> Baku TV-y\u0259 istinad\u0259n x\u0259b\u0259r verir ki, hadis\u0259y\u0259 \u015fahid olan qon\u015fular silahl\u0131 h\u00fccumun nec\u0259 ba\u015f verdiyini dan\u0131\u015f\u0131blar. Onlar z\u0259r\u0259r\u00e7\u0259kmi\u015f ail\u0259nin \u00e7ox mehriban insanlar oldu\u011funu, hans\u0131sa d\u00fc\u015fm\u0259nl\u0259rinin olmad\u0131\u011f\u0131n\u0131 bildiribl\u0259r.<\/p>\n<p>Ail\u0259nin q\u0131z\u0131 Cansu Karaka\u015f anas\u0131, babas\u0131 v\u0259 n\u0259n\u0259sinin yaraland\u0131\u011f\u0131n\u0131 g\u00f6r\u00fcb v\u0259 atas\u0131n\u0131 oyad\u0131b: \u201cM\u0259n q\u0131\u015fq\u0131rd\u0131m, atam durdu. Getdi baxd\u0131, sonra \u201csiz \u00e7\u00f6l\u0259 \u00e7\u0131xmay\u0131n\u201d dedi. Qur\u015fun kimi bir de\u015fik var idi, m\u0259n g\u00f6rd\u00fcm. Tez \u00f6z\u00fc g\u00f6t\u00fcr\u00fcb m\u0259hr\u0259ban\u0131 qoydu&#8230;<\/p>\n<p>Biz h\u0259y\u0259t\u0259 gir\u0259nd\u0259 g\u00f6rd\u00fcm d\u0259d\u0259m asfaltda yat\u0131r. N\u0259n\u0259mi buradan da\u015f\u0131yanda g\u00f6rd\u00fcm. Yaral\u0131 idi, \u00fcst\u00fc qan idi b\u00fct\u00fcn. M\u0259n d\u0259d\u0259mi qucaqlad\u0131m, amma anam m\u0259ni g\u00f6rm\u0259di. Anama \u201csabah\u0131n xeyir\u201d dey\u0259 bilm\u0259dim&#8230;\u201d<\/p>\n<p>Qeyd ed\u0259k ki, h\u00fccumda Da\u011fb\u0259yi F\u0259r\u0259cov v\u0259 onun q\u0131z\u0131 Suzana Karaka\u015f \u00f6ld\u00fcr\u00fcl\u00fcb. Bundan ba\u015fqa, T\u0259rlan F\u0259r\u0259cova v\u0259 T\u00fcrkiy\u0259 v\u0259t\u0259nda\u015f\u0131 Serkan Karaka\u015f yaralan\u0131b. Ail\u0259nin q\u0131zlar\u0131 Ya\u011fmur v\u0259 Cansu h\u00fccum zaman\u0131 z\u0259r\u0259r \u00e7\u0259km\u0259yibl\u0259r.<\/p>\n<p>Qon\u015fuluqda ya\u015fayan v\u0259 polis \u015f\u00f6b\u0259sind\u0259 sah\u0259 m\u00fcv\u0259kkili v\u0259zif\u0259sind\u0259 \u00e7al\u0131\u015fan Etibar Sar\u0131yev v\u0259 atas\u0131 Mehman Sar\u0131yev d\u0259 s\u0259s-k\u00fcy\u0259 \u00e7\u0131xaraq qon\u015fular\u0131na k\u00f6m\u0259k etm\u0259k ist\u0259yib. Bu zaman onlar da x\u0259sar\u0259t al\u0131b.<\/p>\n<p>Sumqay\u0131t Tibb M\u0259rk\u0259zind\u0259n bildirilib ki, Serkan Karaka\u015f \u0259m\u0259liyyat olunub, v\u0259ziyy\u0259ti a\u011f\u0131r olaraq qiym\u0259tl\u0259ndirilir.<\/p>\n<p>1960-c\u0131 il t\u0259v\u0259ll\u00fcdl\u00fc T\u0259rlan F\u0259r\u0259cova, 1958-ci il t\u0259v\u0259ll\u00fcdl\u00fc Mehman Sar\u0131yev Reanimasiya \u015f\u00f6b\u0259sin\u0259 yerl\u0259\u015fdirilibl\u0259r v\u0259 \u0259m\u0259liyyat olunublar. V\u0259ziyy\u0259tl\u0259ri kafi qiym\u0259tl\u0259ndirilir.<\/p>\n<p>1990-c\u0131 il t\u0259v\u0259ll\u00fcdl\u00fc Etibar Sar\u0131yev is\u0259 Travmatologiya \u015f\u00f6b\u0259sind\u0259 m\u00fcalic\u0259 al\u0131r. V\u0259ziyy\u0259ti q\u0259na\u0259tb\u0259x\u015fdir.<iframe loading=\"lazy\" allowfullscreen=\"\" frameborder=\"0\" height=\"480\" scrolling=\"no\" src=\"https:\/\/qafqazinfo.bax.tv\/embed\/186791.html\" width=\"100%\" style=\"width: 639.984px; max-width: 100%; min-height: 350px;\" rel=\"width: 639.984px; max-width: 100%; min-height: 350px;\"><\/iframe><\/p>\n<p>&#13;<br \/>\n        &#13;<br \/>\n&#13;<br \/>\n        &#13;<br \/>\n&#13;<\/p>\n<p><noscript><\/p>\n<p>You must enable Javascript on your browser for the site to work optimally and display sections completely.<\/p>\n<p><\/noscript>\t\t&#13;<br \/>\n\t\t&#13;\n    <\/div>\n<p><script type=\"text\/javascript\">jQuery(document).ready(function () {\n(function(d, s, id) {\n    var js, fjs = d.getElementsByTagName(s)[0];\n    if (d.getElementById(id))\n        return;\n    js = d.createElement(s);\n    js.id = id;\n    js.src = \"\/\/connect.facebook.net\/az_AZ\/all.js#xfbml=1&appId=1002485763137712\";\n    fjs.parentNode.insertBefore(js, fjs);\n}(document, 'script', 'facebook-jssdk'));                \n});<\/script><\/p>\n","protected":false},"excerpt":{"rendered":"<p>&#13; &#13; Sumqay\u0131tda silahl\u0131 h\u00fccum zaman\u0131 z\u0259r\u0259r\u00e7\u0259k\u0259nl\u0259rl\u0259 ba\u011fl\u0131 ilkin t\u0259f\u0259rr\u00fcat m\u0259lum olub. Millinews.az Baku TV-y\u0259 istinad\u0259n x\u0259b\u0259r verir ki, hadis\u0259y\u0259 \u015fahid olan qon\u015fular silahl\u0131 h\u00fccumun nec\u0259 ba\u015f verdiyini dan\u0131\u015f\u0131blar. Onlar z\u0259r\u0259r\u00e7\u0259kmi\u015f ail\u0259nin \u00e7ox mehriban insanlar oldu\u011funu, hans\u0131sa d\u00fc\u015fm\u0259nl\u0259rinin olmad\u0131\u011f\u0131n\u0131 bildiribl\u0259r. Ail\u0259nin q\u0131z\u0131 Cansu Karaka\u015f anas\u0131, babas\u0131 v\u0259 n\u0259n\u0259sinin yaraland\u0131\u011f\u0131n\u0131 g\u00f6r\u00fcb v\u0259 atas\u0131n\u0131 oyad\u0131b: \u201cM\u0259n q\u0131\u015fq\u0131rd\u0131m, &hellip;<\/p>\n","protected":false},"author":1,"featured_media":5981,"comment_status":"open","ping_status":"closed","sticky":false,"template":"","format":"standard","meta":{"footnotes":""},"categories":[9],"tags":[],"class_list":["post-5980","post","type-post","status-publish","format-standard","has-post-thumbnail","hentry","category-xeber"],"_links":{"self":[{"href":"https:\/\/millitv.net\/index.php?rest_route=\/wp\/v2\/posts\/5980","targetHints":{"allow":["GET"]}}],"collection":[{"href":"https:\/\/millitv.net\/index.php?rest_route=\/wp\/v2\/posts"}],"about":[{"href":"https:\/\/millitv.net\/index.php?rest_route=\/wp\/v2\/types\/post"}],"author":[{"embeddable":true,"href":"https:\/\/millitv.net\/index.php?rest_route=\/wp\/v2\/users\/1"}],"replies":[{"embeddable":true,"href":"https:\/\/millitv.net\/index.php?rest_route=%2Fwp%2Fv2%2Fcomments&post=5980"}],"version-history":[{"count":0,"href":"https:\/\/millitv.net\/index.php?rest_route=\/wp\/v2\/posts\/5980\/revisions"}],"wp:featuredmedia":[{"embeddable":true,"href":"https:\/\/millitv.net\/index.php?rest_route=\/wp\/v2\/media\/5981"}],"wp:attachment":[{"href":"https:\/\/millitv.net\/index.php?rest_route=%2Fwp%2Fv2%2Fmedia&parent=5980"}],"wp:term":[{"taxonomy":"category","embeddable":true,"href":"https:\/\/millitv.net\/index.php?rest_route=%2Fwp%2Fv2%2Fcategories&post=5980"},{"taxonomy":"post_tag","embeddable":true,"href":"https:\/\/millitv.net\/index.php?rest_route=%2Fwp%2Fv2%2Ftags&post=5980"}],"curies":[{"name":"wp","href":"https:\/\/api.w.org\/{rel}","templated":true}]}}