{"id":598,"date":"2023-08-28T19:28:13","date_gmt":"2023-08-28T19:28:13","guid":{"rendered":"https:\/\/millinews.az\/?p=598"},"modified":"2023-08-28T19:28:14","modified_gmt":"2023-08-28T19:28:14","slug":"s%c9%99h%c9%99rin-ortasinda-biabirciliq-qadin-el%c9%99-guyimd%c9%99-market%c9%99-girdi-ki-sok-video","status":"publish","type":"post","link":"https:\/\/millitv.net\/?p=598","title":{"rendered":"\u015e\u0259h\u0259rin ortas\u0131nda biab\u0131r\u00e7\u0131l\u0131q \u2013 Qad\u0131n el\u0259 g\u00fcyimd\u0259 market\u0259 girdi ki\u2026 \u2013 \u015eOK V\u0130DEO"},"content":{"rendered":"\n<p>T\u00fcrkiy\u0259nin D\u0259nizli \u015f\u0259h\u0259rind\u0259 ba\u015f ver\u0259n hadis\u0259 h\u0259r k\u0259sin heyr\u0259t v\u0259 t\u0259\u0259cc\u00fcb\u00fcn\u0259 s\u0259b\u0259b olub.<\/p>\n\n\n\n<p>Milli.Az haberler.com-a istinad\u0259n x\u0259b\u0259r verir ki, taksid\u0259n \u00e7\u0131lpaq halda d\u00fc\u015f\u0259n qad\u0131n he\u00e7 n\u0259 olmam\u0131\u015f kimi al\u0131\u015f-veri\u015f edib. Sonda da he\u00e7 n\u0259 olmam\u0131\u015f kimi taksiy\u0259 min\u0259r\u0259k gedib. Bu g\u00f6r\u00fcnt\u00fcl\u0259rin yay\u0131lmas\u0131ndan sonra qad\u0131na qar\u015f\u0131 istintaq ba\u015flad\u0131l\u0131b.<\/p>\n\n\n\n<p>Sosial mediada payla\u015f\u0131lan g\u00f6r\u00fcnt\u00fcl\u0259rd\u0259n sonra ba\u015flad\u0131lan istintaq m\u00fc\u0259yy\u0259n edib ki, qad\u0131n M.B. adl\u0131 \u015f\u0259xsdir. Ona qar\u015f\u0131 cinay\u0259t i\u015fi ba\u015flad\u0131l\u0131b.<\/p>\n","protected":false},"excerpt":{"rendered":"<p>T\u00fcrkiy\u0259nin D\u0259nizli \u015f\u0259h\u0259rind\u0259 ba\u015f ver\u0259n hadis\u0259 h\u0259r k\u0259sin heyr\u0259t v\u0259 t\u0259\u0259cc\u00fcb\u00fcn\u0259 s\u0259b\u0259b olub. Milli.Az haberler.com-a istinad\u0259n x\u0259b\u0259r verir ki, taksid\u0259n \u00e7\u0131lpaq halda d\u00fc\u015f\u0259n qad\u0131n he\u00e7 n\u0259 olmam\u0131\u015f kimi al\u0131\u015f-veri\u015f edib. Sonda da he\u00e7 n\u0259 olmam\u0131\u015f kimi taksiy\u0259 min\u0259r\u0259k gedib. Bu g\u00f6r\u00fcnt\u00fcl\u0259rin yay\u0131lmas\u0131ndan sonra qad\u0131na qar\u015f\u0131 istintaq ba\u015flad\u0131l\u0131b. Sosial mediada payla\u015f\u0131lan g\u00f6r\u00fcnt\u00fcl\u0259rd\u0259n sonra ba\u015flad\u0131lan istintaq m\u00fc\u0259yy\u0259n &hellip;<\/p>\n","protected":false},"author":1,"featured_media":599,"comment_status":"open","ping_status":"closed","sticky":false,"template":"","format":"standard","meta":{"footnotes":""},"categories":[6],"tags":[],"class_list":["post-598","post","type-post","status-publish","format-standard","has-post-thumbnail","hentry","category-maqazin"],"_links":{"self":[{"href":"https:\/\/millitv.net\/index.php?rest_route=\/wp\/v2\/posts\/598","targetHints":{"allow":["GET"]}}],"collection":[{"href":"https:\/\/millitv.net\/index.php?rest_route=\/wp\/v2\/posts"}],"about":[{"href":"https:\/\/millitv.net\/index.php?rest_route=\/wp\/v2\/types\/post"}],"author":[{"embeddable":true,"href":"https:\/\/millitv.net\/index.php?rest_route=\/wp\/v2\/users\/1"}],"replies":[{"embeddable":true,"href":"https:\/\/millitv.net\/index.php?rest_route=%2Fwp%2Fv2%2Fcomments&post=598"}],"version-history":[{"count":0,"href":"https:\/\/millitv.net\/index.php?rest_route=\/wp\/v2\/posts\/598\/revisions"}],"wp:featuredmedia":[{"embeddable":true,"href":"https:\/\/millitv.net\/index.php?rest_route=\/wp\/v2\/media\/599"}],"wp:attachment":[{"href":"https:\/\/millitv.net\/index.php?rest_route=%2Fwp%2Fv2%2Fmedia&parent=598"}],"wp:term":[{"taxonomy":"category","embeddable":true,"href":"https:\/\/millitv.net\/index.php?rest_route=%2Fwp%2Fv2%2Fcategories&post=598"},{"taxonomy":"post_tag","embeddable":true,"href":"https:\/\/millitv.net\/index.php?rest_route=%2Fwp%2Fv2%2Ftags&post=598"}],"curies":[{"name":"wp","href":"https:\/\/api.w.org\/{rel}","templated":true}]}}