{"id":5972,"date":"2023-10-28T09:33:30","date_gmt":"2023-10-28T09:33:30","guid":{"rendered":"https:\/\/millinews.az\/xeber\/q%C9%99rbi-az%C9%99rbaycan-icmasi-erm%C9%99nistana-cagiris-etdi\/"},"modified":"2023-10-28T09:33:30","modified_gmt":"2023-10-28T09:33:30","slug":"q%C9%99rbi-az%C9%99rbaycan-icmasi-erm%C9%99nistana-cagiris-etdi","status":"publish","type":"post","link":"https:\/\/millitv.net\/?p=5972","title":{"rendered":"Q\u0259rbi Az\u0259rbaycan \u0130cmas\u0131 Erm\u0259nistana \u00e7a\u011f\u0131r\u0131\u015f etdi"},"content":{"rendered":"<div id=\"maincontent\">&#13;<br \/>\n        &#13;<\/p>\n<p><strong>Q\u0259rbi Az\u0259rbaycan \u0130cmas\u0131 Erm\u0259nistan\u0131 monoetniklik siyas\u0259tind\u0259n \u0259l \u00e7\u0259km\u0259y\u0259 \u00e7a\u011f\u0131r\u0131b.<\/strong><\/p>\n<p><a href=\"https:\/\/Millinews.az\" target=\"_blank\" class=\"kw-link\" rel=\"noopener\">Millinews.az<\/a> x\u0259b\u0259r verir ki, qurumun yayd\u0131\u011f\u0131 b\u0259yanatda Erm\u0259nistan\u0131n az\u0259rbaycanl\u0131lar\u0131 etnik t\u0259mizl\u0259m\u0259y\u0259 m\u0259ruz qoymas\u0131, Az\u0259rbaycana qar\u015f\u0131 m\u00fcnaqi\u015f\u0259 ba\u015flatmas\u0131 v\u0259 regionda \u00f6z\u00fcn\u00fct\u0259crid siyas\u0259ti n\u0259tic\u0259sind\u0259 ciddi demoqrafik b\u00f6hranla \u00fczl\u0259\u015fdiyi qeyd olunub. &#13;\n<\/p>\n<p>Bildirilib ki, bu g\u00fcnl\u0259rd\u0259 Erm\u0259nistan Cenevr\u0259d\u0259 demoqrafiya m\u00f6vzusunda ke\u00e7irilmi\u015f regional konfransda \u00f6z\u00fcn\u00fcn 2023-2040-c\u0131 ill\u0259r \u00fczr\u0259 demoqrafiya strategiyas\u0131n\u0131 t\u0259qdim edib. Strategiya Erm\u0259nistan h\u00f6kum\u0259tinin etnik ayr\u0131-se\u00e7kiliy\u0259 \u0259saslanan irq\u00e7i siyas\u0259tini bir daha s\u00fcbut edir. Bel\u0259 ki, strategiyada Erm\u0259nistandan qovulmu\u015f az\u0259rbaycanl\u0131lar\u0131n qay\u0131d\u0131\u015f\u0131 m\u0259s\u0259l\u0259si yer alm\u0131r. S\u0259n\u0259dd\u0259 repatriasiya bir h\u00fcquq v\u0259 d\u00f6vl\u0259tin t\u0259\u015fviq etm\u0259li oldu\u011fu m\u0259qs\u0259d kimi ancaq etnik erm\u0259nil\u0259r\u0259 aid edilir. Ciddi demoqrafik b\u00f6hranla \u00fczl\u0259\u015fmi\u015f bir \u00f6lk\u0259nin oran\u0131n qanuni sakinl\u0259ri olan \u0259hali qrupunun \u00f6z evl\u0259rin\u0259 qay\u0131d\u0131\u015f\u0131na etnik m\u0259nsubiyy\u0259t s\u0259b\u0259bind\u0259n imkan verm\u0259m\u0259si onun irq\u00e7i siyas\u0259tinin g\u00f6st\u0259ricisidir.<\/p>\n<p>Q\u0259rbi Az\u0259rbaycan \u0130cmas\u0131 vur\u011fulay\u0131b ki, Erm\u0259nistan\u0131n demoqrafik probleml\u0259rinin h\u0259lli regionda s\u00fclh\u00fcn b\u0259rq\u0259rar edilm\u0259sind\u0259n v\u0259 Erm\u0259nistandan qovulmu\u015f az\u0259rbaycanl\u0131lar\u0131n qay\u0131d\u0131\u015f h\u00fcquqlar\u0131n\u0131n t\u0259min edilm\u0259sind\u0259n ke\u00e7ir. \u0130cma Erm\u0259nistan h\u00f6kum\u0259tini s\u00fclh\u00fc se\u00e7m\u0259y\u0259, monoetniklik siyas\u0259tind\u0259n \u0259l \u00e7\u0259km\u0259y\u0259, etnik m\u00fcxt\u0259lifliy\u0259 \u0259saslanan birg\u0259ya\u015fay\u0131\u015f prinsipl\u0259rin\u0259 h\u00f6rm\u0259t etm\u0259y\u0259 v\u0259 Erm\u0259nistandan qovulmu\u015f az\u0259rbaycanl\u0131lar\u0131n t\u0259hl\u00fck\u0259siz \u015f\u0259kild\u0259 v\u0259 l\u0259yaq\u0259tl\u0259 qay\u0131d\u0131\u015f\u0131n\u0131 t\u0259min etm\u0259y\u0259 \u00e7a\u011f\u0131r\u0131r.&#13;<br \/>\n        &#13;<br \/>\n&#13;<br \/>\n        &#13;<br \/>\n&#13;\n        <\/p>\n<p><noscript><\/p>\n<p>You must enable Javascript on your browser for the site to work optimally and display sections completely.<\/p>\n<p><\/noscript>\t\t&#13;<br \/>\n\t\t&#13;\n    <\/div>\n<p><script type=\"text\/javascript\">jQuery(document).ready(function () {\n(function(d, s, id) {\n    var js, fjs = d.getElementsByTagName(s)[0];\n    if (d.getElementById(id))\n        return;\n    js = d.createElement(s);\n    js.id = id;\n    js.src = \"\/\/connect.facebook.net\/az_AZ\/all.js#xfbml=1&appId=1002485763137712\";\n    fjs.parentNode.insertBefore(js, fjs);\n}(document, 'script', 'facebook-jssdk'));                \n});<\/script><\/p>\n","protected":false},"excerpt":{"rendered":"<p>&#13; &#13; Q\u0259rbi Az\u0259rbaycan \u0130cmas\u0131 Erm\u0259nistan\u0131 monoetniklik siyas\u0259tind\u0259n \u0259l \u00e7\u0259km\u0259y\u0259 \u00e7a\u011f\u0131r\u0131b. Millinews.az x\u0259b\u0259r verir ki, qurumun yayd\u0131\u011f\u0131 b\u0259yanatda Erm\u0259nistan\u0131n az\u0259rbaycanl\u0131lar\u0131 etnik t\u0259mizl\u0259m\u0259y\u0259 m\u0259ruz qoymas\u0131, Az\u0259rbaycana qar\u015f\u0131 m\u00fcnaqi\u015f\u0259 ba\u015flatmas\u0131 v\u0259 regionda \u00f6z\u00fcn\u00fct\u0259crid siyas\u0259ti n\u0259tic\u0259sind\u0259 ciddi demoqrafik b\u00f6hranla \u00fczl\u0259\u015fdiyi qeyd olunub. &#13; Bildirilib ki, bu g\u00fcnl\u0259rd\u0259 Erm\u0259nistan Cenevr\u0259d\u0259 demoqrafiya m\u00f6vzusunda ke\u00e7irilmi\u015f regional konfransda \u00f6z\u00fcn\u00fcn 2023-2040-c\u0131 ill\u0259r \u00fczr\u0259 &hellip;<\/p>\n","protected":false},"author":1,"featured_media":5973,"comment_status":"open","ping_status":"closed","sticky":false,"template":"","format":"standard","meta":{"footnotes":""},"categories":[9],"tags":[],"class_list":["post-5972","post","type-post","status-publish","format-standard","has-post-thumbnail","hentry","category-xeber"],"_links":{"self":[{"href":"https:\/\/millitv.net\/index.php?rest_route=\/wp\/v2\/posts\/5972","targetHints":{"allow":["GET"]}}],"collection":[{"href":"https:\/\/millitv.net\/index.php?rest_route=\/wp\/v2\/posts"}],"about":[{"href":"https:\/\/millitv.net\/index.php?rest_route=\/wp\/v2\/types\/post"}],"author":[{"embeddable":true,"href":"https:\/\/millitv.net\/index.php?rest_route=\/wp\/v2\/users\/1"}],"replies":[{"embeddable":true,"href":"https:\/\/millitv.net\/index.php?rest_route=%2Fwp%2Fv2%2Fcomments&post=5972"}],"version-history":[{"count":0,"href":"https:\/\/millitv.net\/index.php?rest_route=\/wp\/v2\/posts\/5972\/revisions"}],"wp:featuredmedia":[{"embeddable":true,"href":"https:\/\/millitv.net\/index.php?rest_route=\/wp\/v2\/media\/5973"}],"wp:attachment":[{"href":"https:\/\/millitv.net\/index.php?rest_route=%2Fwp%2Fv2%2Fmedia&parent=5972"}],"wp:term":[{"taxonomy":"category","embeddable":true,"href":"https:\/\/millitv.net\/index.php?rest_route=%2Fwp%2Fv2%2Fcategories&post=5972"},{"taxonomy":"post_tag","embeddable":true,"href":"https:\/\/millitv.net\/index.php?rest_route=%2Fwp%2Fv2%2Ftags&post=5972"}],"curies":[{"name":"wp","href":"https:\/\/api.w.org\/{rel}","templated":true}]}}