{"id":5928,"date":"2023-10-28T07:41:48","date_gmt":"2023-10-28T07:41:48","guid":{"rendered":"https:\/\/millinews.az\/xeber\/atasini-doy%C9%99n-s%C9%99xsi-q%C9%99tl%C9%99-yetir%C9%99n-g%C9%99nc-tutuldu\/"},"modified":"2023-10-28T07:41:48","modified_gmt":"2023-10-28T07:41:48","slug":"atasini-doy%C9%99n-s%C9%99xsi-q%C9%99tl%C9%99-yetir%C9%99n-g%C9%99nc-tutuldu","status":"publish","type":"post","link":"https:\/\/millitv.net\/?p=5928","title":{"rendered":"Atas\u0131n\u0131 d\u00f6y\u0259n \u015f\u0259xsi q\u0259tl\u0259 yetir\u0259n g\u0259nc tutuldu"},"content":{"rendered":"<div id=\"maincontent\">&#13;<br \/>\n        &#13;<\/p>\n<p><strong>Oktyabr\u0131n 24-\u00fc C\u0259lilabadda Mirxaqani \u018fhm\u0259dovu b\u0131\u00e7aqlayaraq \u00f6ld\u00fcr\u0259n \u015f\u0259xs saxlan\u0131l\u0131b.<\/strong><\/p>\n<p><a href=\"https:\/\/Millinews.az\" target=\"_blank\" class=\"kw-link\" rel=\"noopener\">Millinews.az<\/a> D\u0130N-in M\u0259tbuat xidm\u0259tinin L\u0259nk\u0259ran regional qrupuna istinad\u0259n x\u0259b\u0259r verir ki, \u0259m\u0259liyyat-axtar\u0131\u015f t\u0259dbirl\u0259ri n\u0259tic\u0259sind\u0259 h\u0259min cinay\u0259t \u0259m\u0259lini t\u00f6r\u0259tm\u0259kd\u0259 \u015f\u00fcbh\u0259li bilin\u0259n 1998-ci il t\u0259v\u0259ll\u00fcdl\u00fc B\u00f6y\u00fckxan El\u00e7in o\u011flu Muradl\u0131 saxlan\u0131l\u0131b.<\/p>\n<p>Faktla ba\u011fl\u0131 istintaq-\u0259m\u0259liyyat t\u0259dbirl\u0259ri davam etdirilir.<\/p>\n<p>Bildirilir ki, M.\u018fhm\u0259dov bir ne\u00e7\u0259 il \u0259vv\u0259l m\u00fcnaqi\u015f\u0259 z\u0259minind\u0259 B\u00f6y\u00fckxan\u0131n atas\u0131, rayonda \u201cM\u0259\u015f\u0259di El\u00e7in\u201d ad\u0131 il\u0259 tan\u0131nan \u015f\u0259xs\u0259 a\u011f\u0131r x\u0259sar\u0259t yetirib. H\u0259min vaxt h\u0259bs edil\u0259n \u015f\u0259xs 6 il sonra yenic\u0259 azadl\u0131\u011fa \u00e7\u0131x\u0131bm\u0131\u015f. Atas\u0131n\u0131 vuran \u015f\u0259xsin h\u0259bsd\u0259n \u00e7\u0131xd\u0131\u011f\u0131n\u0131 \u00f6yr\u0259n\u0259n B\u00f6y\u00fckxan onu izl\u0259y\u0259r\u0259k gec\u0259 saatlar\u0131nda C\u0259lilabad \u015f\u0259h\u0259ri \u0259razisind\u0259 q\u0259fil h\u00fccum etm\u0259kl\u0259 q\u0259tl\u0259 yetirib. Hadis\u0259 anbaan kameraya d\u00fc\u015f\u00fcb.<\/p>\n<p>&#13;<br \/>\n        &#13;<br \/>\n&#13;<br \/>\n        &#13;<br \/>\n&#13;<\/p>\n<p><noscript><\/p>\n<p>You must enable Javascript on your browser for the site to work optimally and display sections completely.<\/p>\n<p><\/noscript>\t\t&#13;<br \/>\n\t\t&#13;\n    <\/div>\n<p><script type=\"text\/javascript\">jQuery(document).ready(function () {\n(function(d, s, id) {\n    var js, fjs = d.getElementsByTagName(s)[0];\n    if (d.getElementById(id))\n        return;\n    js = d.createElement(s);\n    js.id = id;\n    js.src = \"\/\/connect.facebook.net\/az_AZ\/all.js#xfbml=1&appId=1002485763137712\";\n    fjs.parentNode.insertBefore(js, fjs);\n}(document, 'script', 'facebook-jssdk'));                \n});<\/script><\/p>\n","protected":false},"excerpt":{"rendered":"<p>&#13; &#13; Oktyabr\u0131n 24-\u00fc C\u0259lilabadda Mirxaqani \u018fhm\u0259dovu b\u0131\u00e7aqlayaraq \u00f6ld\u00fcr\u0259n \u015f\u0259xs saxlan\u0131l\u0131b. Millinews.az D\u0130N-in M\u0259tbuat xidm\u0259tinin L\u0259nk\u0259ran regional qrupuna istinad\u0259n x\u0259b\u0259r verir ki, \u0259m\u0259liyyat-axtar\u0131\u015f t\u0259dbirl\u0259ri n\u0259tic\u0259sind\u0259 h\u0259min cinay\u0259t \u0259m\u0259lini t\u00f6r\u0259tm\u0259kd\u0259 \u015f\u00fcbh\u0259li bilin\u0259n 1998-ci il t\u0259v\u0259ll\u00fcdl\u00fc B\u00f6y\u00fckxan El\u00e7in o\u011flu Muradl\u0131 saxlan\u0131l\u0131b. Faktla ba\u011fl\u0131 istintaq-\u0259m\u0259liyyat t\u0259dbirl\u0259ri davam etdirilir. Bildirilir ki, M.\u018fhm\u0259dov bir ne\u00e7\u0259 il \u0259vv\u0259l m\u00fcnaqi\u015f\u0259 z\u0259minind\u0259 B\u00f6y\u00fckxan\u0131n &hellip;<\/p>\n","protected":false},"author":1,"featured_media":5929,"comment_status":"open","ping_status":"closed","sticky":false,"template":"","format":"standard","meta":{"footnotes":""},"categories":[9],"tags":[],"class_list":["post-5928","post","type-post","status-publish","format-standard","has-post-thumbnail","hentry","category-xeber"],"_links":{"self":[{"href":"https:\/\/millitv.net\/index.php?rest_route=\/wp\/v2\/posts\/5928","targetHints":{"allow":["GET"]}}],"collection":[{"href":"https:\/\/millitv.net\/index.php?rest_route=\/wp\/v2\/posts"}],"about":[{"href":"https:\/\/millitv.net\/index.php?rest_route=\/wp\/v2\/types\/post"}],"author":[{"embeddable":true,"href":"https:\/\/millitv.net\/index.php?rest_route=\/wp\/v2\/users\/1"}],"replies":[{"embeddable":true,"href":"https:\/\/millitv.net\/index.php?rest_route=%2Fwp%2Fv2%2Fcomments&post=5928"}],"version-history":[{"count":0,"href":"https:\/\/millitv.net\/index.php?rest_route=\/wp\/v2\/posts\/5928\/revisions"}],"wp:featuredmedia":[{"embeddable":true,"href":"https:\/\/millitv.net\/index.php?rest_route=\/wp\/v2\/media\/5929"}],"wp:attachment":[{"href":"https:\/\/millitv.net\/index.php?rest_route=%2Fwp%2Fv2%2Fmedia&parent=5928"}],"wp:term":[{"taxonomy":"category","embeddable":true,"href":"https:\/\/millitv.net\/index.php?rest_route=%2Fwp%2Fv2%2Fcategories&post=5928"},{"taxonomy":"post_tag","embeddable":true,"href":"https:\/\/millitv.net\/index.php?rest_route=%2Fwp%2Fv2%2Ftags&post=5928"}],"curies":[{"name":"wp","href":"https:\/\/api.w.org\/{rel}","templated":true}]}}