{"id":5924,"date":"2023-10-28T07:27:27","date_gmt":"2023-10-28T07:27:27","guid":{"rendered":"https:\/\/millinews.az\/xeber\/sumqayitda-hucum-zamani-ol%C9%99n-v%C9%99-yaralananlarin-fotolari\/"},"modified":"2023-10-28T07:27:27","modified_gmt":"2023-10-28T07:27:27","slug":"sumqayitda-hucum-zamani-ol%C9%99n-v%C9%99-yaralananlarin-fotolari","status":"publish","type":"post","link":"https:\/\/millitv.net\/?p=5924","title":{"rendered":"Sumqay\u0131tda h\u00fccum zaman\u0131 \u00f6l\u0259n v\u0259 yaralananlar\u0131n FOTOLARI"},"content":{"rendered":"<div id=\"maincontent\">&#13;<br \/>\n        &#13;<\/p>\n<p><strong>X\u0259b\u0259r verdiyimiz kimi, bu g\u00fcn s\u00fcbh vaxt\u0131 (saat 05:50) Sumqay\u0131t \u015f\u0259h\u0259ri 16-c\u0131 mikrorayon \u0259razisind\u0259 d\u0259h\u015f\u0259tli cinay\u0259t t\u00f6r\u0259dilib.<\/strong><\/p>\n<p><a href=\"https:\/\/Millinews.az\" target=\"_blank\" class=\"kw-link\" rel=\"noopener\">Millinews.az<\/a> \u201cQafqazinfo\u201dya istinad\u0259n x\u0259b\u0259r verir ki, Corat ba\u011flar\u0131 ya\u015fay\u0131\u015f massivind\u0259 yerl\u0259\u015f\u0259n f\u0259rdi ya\u015fay\u0131\u015f evin\u0259 silahl\u0131 h\u00fccum n\u0259tic\u0259sind\u0259 Da\u011fb\u0259yi F\u0259r\u0259cov v\u0259 onun q\u0131z\u0131 Suzana Karaka\u015f g\u00fcll\u0259 yaralar\u0131ndan v\u0259fat edib. Suzanan\u0131n h\u0259yat yolda\u015f\u0131 Serkan Karaka\u015f v\u0259 anas\u0131 T\u0259rlan F\u0259r\u0259cova is\u0259 g\u00fcll\u0259 yaras\u0131 al\u0131b.<\/p>\n<p>Qon\u015fuluqda ya\u015fayan v\u0259 polis \u015f\u00f6b\u0259sind\u0259 sah\u0259 m\u00fcv\u0259kkili v\u0259zif\u0259sind\u0259 \u00e7al\u0131\u015fan Etibar Sar\u0131yev v\u0259 atas\u0131 Mehman Sar\u0131yev d\u0259 s\u0259s-k\u00fcy\u0259 \u00e7\u0131xaraq qon\u015fular\u0131na k\u00f6m\u0259k etm\u0259k ist\u0259yib. Bu zaman onlar da x\u0259sar\u0259t al\u0131b.<\/p>\n<p>Sumqay\u0131t Tibb M\u0259rk\u0259zind\u0259n bildirilib ki, Serkan Karaka\u015f \u0259m\u0259liyyat olunub, v\u0259ziyy\u0259ti a\u011f\u0131r olaraq qiym\u0259tl\u0259ndirilir.<\/p>\n<p>1960-c\u0131 il t\u0259v\u0259ll\u00fcdl\u00fc T\u0259rlan F\u0259r\u0259cova, 1958-ci il t\u0259v\u0259ll\u00fcdl\u00fc Mehman Sar\u0131yev Reanimasiya \u015f\u00f6b\u0259sin\u0259 yerl\u0259\u015fdirilibl\u0259r v\u0259 \u0259m\u0259liyyat olunublar. V\u0259ziyy\u0259tl\u0259ri kafi qiym\u0259tl\u0259ndirilir.<\/p>\n<p>1990-c\u0131 il t\u0259v\u0259ll\u00fcdl\u00fc Etibar Sar\u0131yev is\u0259 Travmatologiya \u015f\u00f6b\u0259sind\u0259 m\u00fcalic\u0259 al\u0131r. V\u0259ziyy\u0259ti q\u0259na\u0259tb\u0259x\u015fdir.<\/p>\n<p>Fotoda Da\u011fb\u0259yi F\u0259r\u0259cov<\/p>\n<p><img decoding=\"async\" alt=\"\" src=\"https:\/\/qafqazinfo.az\/uploads\/images\/dagbeyi1(1).jpg\" title=\"\"><\/p>\n<p>Fotoda Serkan Karaka\u015f<\/p>\n<p><img decoding=\"async\" alt=\"\" src=\"https:\/\/qafqazinfo.az\/uploads\/images\/395595107_1053571805994727_6119118434605677519_n.jpg\" title=\"\"><\/p>\n<p>Fotoda T\u0259rlan F\u0259r\u0259cova<\/p>\n<p><img decoding=\"async\" alt=\"\" src=\"https:\/\/qafqazinfo.az\/uploads\/images\/terlan1.jpg\" title=\"\"><\/p>\n<p>&#13;<br \/>\n        &#13;<br \/>\n&#13;<br \/>\n        &#13;<br \/>\n&#13;<\/p>\n<p><noscript><\/p>\n<p>You must enable Javascript on your browser for the site to work optimally and display sections completely.<\/p>\n<p><\/noscript>\t\t&#13;<br \/>\n\t\t&#13;\n    <\/div>\n<p><script type=\"text\/javascript\">jQuery(document).ready(function () {\n(function(d, s, id) {\n    var js, fjs = d.getElementsByTagName(s)[0];\n    if (d.getElementById(id))\n        return;\n    js = d.createElement(s);\n    js.id = id;\n    js.src = \"\/\/connect.facebook.net\/az_AZ\/all.js#xfbml=1&appId=1002485763137712\";\n    fjs.parentNode.insertBefore(js, fjs);\n}(document, 'script', 'facebook-jssdk'));                \n});<\/script><\/p>\n","protected":false},"excerpt":{"rendered":"<p>&#13; &#13; X\u0259b\u0259r verdiyimiz kimi, bu g\u00fcn s\u00fcbh vaxt\u0131 (saat 05:50) Sumqay\u0131t \u015f\u0259h\u0259ri 16-c\u0131 mikrorayon \u0259razisind\u0259 d\u0259h\u015f\u0259tli cinay\u0259t t\u00f6r\u0259dilib. Millinews.az \u201cQafqazinfo\u201dya istinad\u0259n x\u0259b\u0259r verir ki, Corat ba\u011flar\u0131 ya\u015fay\u0131\u015f massivind\u0259 yerl\u0259\u015f\u0259n f\u0259rdi ya\u015fay\u0131\u015f evin\u0259 silahl\u0131 h\u00fccum n\u0259tic\u0259sind\u0259 Da\u011fb\u0259yi F\u0259r\u0259cov v\u0259 onun q\u0131z\u0131 Suzana Karaka\u015f g\u00fcll\u0259 yaralar\u0131ndan v\u0259fat edib. Suzanan\u0131n h\u0259yat yolda\u015f\u0131 Serkan Karaka\u015f v\u0259 anas\u0131 T\u0259rlan &hellip;<\/p>\n","protected":false},"author":1,"featured_media":5925,"comment_status":"open","ping_status":"closed","sticky":false,"template":"","format":"standard","meta":{"footnotes":""},"categories":[9],"tags":[],"class_list":["post-5924","post","type-post","status-publish","format-standard","has-post-thumbnail","hentry","category-xeber"],"_links":{"self":[{"href":"https:\/\/millitv.net\/index.php?rest_route=\/wp\/v2\/posts\/5924","targetHints":{"allow":["GET"]}}],"collection":[{"href":"https:\/\/millitv.net\/index.php?rest_route=\/wp\/v2\/posts"}],"about":[{"href":"https:\/\/millitv.net\/index.php?rest_route=\/wp\/v2\/types\/post"}],"author":[{"embeddable":true,"href":"https:\/\/millitv.net\/index.php?rest_route=\/wp\/v2\/users\/1"}],"replies":[{"embeddable":true,"href":"https:\/\/millitv.net\/index.php?rest_route=%2Fwp%2Fv2%2Fcomments&post=5924"}],"version-history":[{"count":0,"href":"https:\/\/millitv.net\/index.php?rest_route=\/wp\/v2\/posts\/5924\/revisions"}],"wp:featuredmedia":[{"embeddable":true,"href":"https:\/\/millitv.net\/index.php?rest_route=\/wp\/v2\/media\/5925"}],"wp:attachment":[{"href":"https:\/\/millitv.net\/index.php?rest_route=%2Fwp%2Fv2%2Fmedia&parent=5924"}],"wp:term":[{"taxonomy":"category","embeddable":true,"href":"https:\/\/millitv.net\/index.php?rest_route=%2Fwp%2Fv2%2Fcategories&post=5924"},{"taxonomy":"post_tag","embeddable":true,"href":"https:\/\/millitv.net\/index.php?rest_route=%2Fwp%2Fv2%2Ftags&post=5924"}],"curies":[{"name":"wp","href":"https:\/\/api.w.org\/{rel}","templated":true}]}}