{"id":5914,"date":"2023-10-28T07:04:28","date_gmt":"2023-10-28T07:04:28","guid":{"rendered":"https:\/\/millinews.az\/xeber\/sumqayitdaki-silahli-hucum-zamani-x%C9%99sar%C9%99t-alanlarin-v%C9%99ziyy%C9%99ti-aciqlandi\/"},"modified":"2023-10-28T07:04:28","modified_gmt":"2023-10-28T07:04:28","slug":"sumqayitdaki-silahli-hucum-zamani-x%C9%99sar%C9%99t-alanlarin-v%C9%99ziyy%C9%99ti-aciqlandi","status":"publish","type":"post","link":"https:\/\/millitv.net\/?p=5914","title":{"rendered":"Sumqay\u0131tdak\u0131 silahl\u0131 h\u00fccum zaman\u0131 x\u0259sar\u0259t alanlar\u0131n v\u0259ziyy\u0259ti a\u00e7\u0131qland\u0131"},"content":{"rendered":"<div id=\"maincontent\">&#13;<br \/>\n        &#13;<\/p>\n<p><strong>Sumqay\u0131t \u015f\u0259h\u0259rinin 16-c\u0131 mikrorayonunda ba\u015f ver\u0259n hadis\u0259 il\u0259 \u0259laq\u0259dar saat 06:05 rad\u0259l\u0259rind\u0259n ba\u015flayaraq 4 n\u0259f\u0259r m\u00fcxt\u0259lif n\u00f6v b\u0259d\u0259n x\u0259sar\u0259tl\u0259ri il\u0259 Sumqay\u0131t Tibb M\u0259rk\u0259zinin T\u0259cili Tibbi Yard\u0131m X\u0259st\u0259xanas\u0131na g\u0259tirilibl\u0259r.<\/strong><\/p>\n<p><a href=\"https:\/\/Millinews.az\" target=\"_blank\" class=\"kw-link\" rel=\"noopener\">Millinews.az<\/a> Apa-ya istinad\u0259n x\u0259b\u0259r verir ki, Sumqay\u0131t Tibb M\u0259rk\u0259zi \u0130ctimaiyy\u0259tl\u0259 \u0259laq\u0259l\u0259r b\u00f6lm\u0259sind\u0259n T\u00fcrkiy\u0259 v\u0259t\u0259nda\u015f\u0131 1985-ci il t\u0259v\u0259ll\u00fcdl\u00fc S\u0259rkan Karaku\u015fun \u0259m\u0259liyyat olundu\u011fu, v\u0259ziyy\u0259ti a\u011f\u0131r olaraq qiym\u0259tl\u0259ndirildiyi bildirilib.1960-c\u0131 il t\u0259v\u0259ll\u00fcdl\u00fc T\u0259rlan F\u0259r\u0259cova, 1958-ci il t\u0259v\u0259ll\u00fcdl\u00fc Mehman Sar\u0131yev Reanimasiya \u015f\u00f6b\u0259sin\u0259 yerl\u0259\u015fdirilibl\u0259r v\u0259 \u0259m\u0259liyyat olunublar. V\u0259ziyy\u0259tl\u0259ri kafi qiym\u0259tl\u0259ndirilir. &#13;\n<\/p>\n<p>1990-c\u0131 il t\u0259v\u0259ll\u00fcdl\u00fc Etibar Sar\u0131yev is\u0259 Travmatologiya \u015f\u00f6b\u0259sind\u0259 m\u00fcalic\u0259 al\u0131r. V\u0259ziyy\u0259ti q\u0259na\u0259tb\u0259x\u015fdir.&#13;<br \/>\n        &#13;<br \/>\n&#13;<br \/>\n        &#13;<br \/>\n&#13;\n        <\/p>\n<p><noscript><\/p>\n<p>You must enable Javascript on your browser for the site to work optimally and display sections completely.<\/p>\n<p><\/noscript>\t\t&#13;<br \/>\n\t\t&#13;\n    <\/div>\n<p><script type=\"text\/javascript\">jQuery(document).ready(function () {\n(function(d, s, id) {\n    var js, fjs = d.getElementsByTagName(s)[0];\n    if (d.getElementById(id))\n        return;\n    js = d.createElement(s);\n    js.id = id;\n    js.src = \"\/\/connect.facebook.net\/az_AZ\/all.js#xfbml=1&appId=1002485763137712\";\n    fjs.parentNode.insertBefore(js, fjs);\n}(document, 'script', 'facebook-jssdk'));                \n});<\/script><\/p>\n","protected":false},"excerpt":{"rendered":"<p>&#13; &#13; Sumqay\u0131t \u015f\u0259h\u0259rinin 16-c\u0131 mikrorayonunda ba\u015f ver\u0259n hadis\u0259 il\u0259 \u0259laq\u0259dar saat 06:05 rad\u0259l\u0259rind\u0259n ba\u015flayaraq 4 n\u0259f\u0259r m\u00fcxt\u0259lif n\u00f6v b\u0259d\u0259n x\u0259sar\u0259tl\u0259ri il\u0259 Sumqay\u0131t Tibb M\u0259rk\u0259zinin T\u0259cili Tibbi Yard\u0131m X\u0259st\u0259xanas\u0131na g\u0259tirilibl\u0259r. Millinews.az Apa-ya istinad\u0259n x\u0259b\u0259r verir ki, Sumqay\u0131t Tibb M\u0259rk\u0259zi \u0130ctimaiyy\u0259tl\u0259 \u0259laq\u0259l\u0259r b\u00f6lm\u0259sind\u0259n T\u00fcrkiy\u0259 v\u0259t\u0259nda\u015f\u0131 1985-ci il t\u0259v\u0259ll\u00fcdl\u00fc S\u0259rkan Karaku\u015fun \u0259m\u0259liyyat olundu\u011fu, v\u0259ziyy\u0259ti a\u011f\u0131r olaraq qiym\u0259tl\u0259ndirildiyi &hellip;<\/p>\n","protected":false},"author":1,"featured_media":5915,"comment_status":"open","ping_status":"closed","sticky":false,"template":"","format":"standard","meta":{"footnotes":""},"categories":[9],"tags":[],"class_list":["post-5914","post","type-post","status-publish","format-standard","has-post-thumbnail","hentry","category-xeber"],"_links":{"self":[{"href":"https:\/\/millitv.net\/index.php?rest_route=\/wp\/v2\/posts\/5914","targetHints":{"allow":["GET"]}}],"collection":[{"href":"https:\/\/millitv.net\/index.php?rest_route=\/wp\/v2\/posts"}],"about":[{"href":"https:\/\/millitv.net\/index.php?rest_route=\/wp\/v2\/types\/post"}],"author":[{"embeddable":true,"href":"https:\/\/millitv.net\/index.php?rest_route=\/wp\/v2\/users\/1"}],"replies":[{"embeddable":true,"href":"https:\/\/millitv.net\/index.php?rest_route=%2Fwp%2Fv2%2Fcomments&post=5914"}],"version-history":[{"count":0,"href":"https:\/\/millitv.net\/index.php?rest_route=\/wp\/v2\/posts\/5914\/revisions"}],"wp:featuredmedia":[{"embeddable":true,"href":"https:\/\/millitv.net\/index.php?rest_route=\/wp\/v2\/media\/5915"}],"wp:attachment":[{"href":"https:\/\/millitv.net\/index.php?rest_route=%2Fwp%2Fv2%2Fmedia&parent=5914"}],"wp:term":[{"taxonomy":"category","embeddable":true,"href":"https:\/\/millitv.net\/index.php?rest_route=%2Fwp%2Fv2%2Fcategories&post=5914"},{"taxonomy":"post_tag","embeddable":true,"href":"https:\/\/millitv.net\/index.php?rest_route=%2Fwp%2Fv2%2Ftags&post=5914"}],"curies":[{"name":"wp","href":"https:\/\/api.w.org\/{rel}","templated":true}]}}