{"id":5864,"date":"2023-10-28T04:25:18","date_gmt":"2023-10-28T04:25:18","guid":{"rendered":"https:\/\/millinews.az\/xeber\/hemas-in-x%C9%99st%C9%99xanalarda-terror-infrastrukturu-var\/"},"modified":"2023-10-28T04:25:18","modified_gmt":"2023-10-28T04:25:18","slug":"hemas-in-x%C9%99st%C9%99xanalarda-terror-infrastrukturu-var","status":"publish","type":"post","link":"https:\/\/millitv.net\/?p=5864","title":{"rendered":"H\u018fMAS-\u0131n x\u0259st\u0259xanalarda terror infrastrukturu var"},"content":{"rendered":"<p><img decoding=\"async\" src=\"https:\/\/Millinews.az\/storage\/2023\/10\/28\/27edb77b-9c7b-3816-b534-0e492f391a77_850.jpg\" alt=\"\" title=\"\"><\/p>\n<div id=\"mvp-content-main\">\n<p><strong>F\u0259l\u0259stin H\u018fMAS h\u0259r\u0259kat\u0131n\u0131n komanda m\u0259rk\u0259zi, el\u0259c\u0259 d\u0259 \u0130srail\u0259 h\u00fccumlar \u00fc\u00e7\u00fcn yeralt\u0131 v\u0259 yer\u00fcst\u00fc infrastruktur Q\u0259zza \u015f\u0259h\u0259rind\u0259 \u0259n b\u00f6y\u00fck \u201c\u015eifa\u201d x\u0259st\u0259xanas\u0131n\u0131n \u0259razisind\u0259 yerl\u0259\u015fir.<\/strong><\/p>\n<p><strong><a target=\"_blank\" href=\"https:\/\/Millinews.az\" rel=\"noopener\">Millinews.az<\/a><\/strong>-\u0131n m\u0259lumat\u0131na g\u00f6r\u0259, bunu \u0130srail M\u00fcdafi\u0259 Q\u00fcvv\u0259l\u0259rinin (IDF) m\u0259tbuat katibi, briqada general\u0131 Daniel Haqari deyib.<\/p>\n<p>&#8220;H\u018fMAS-\u0131n x\u0259st\u0259xanalar \u0259razisind\u0259 terror infrastrukturu var. H\u018fMAS x\u0259st\u0259xanan\u0131n (\u015eifa) \u0259razisind\u0259 m\u00fcxt\u0259lif yerl\u0259rd\u0259 komanda v\u0259 \u0259m\u0259liyyat m\u0259rk\u0259zl\u0259ri yerl\u0259\u015fdirib. Buradan raket at\u0259\u015fi v\u0259 H\u018fMAS b\u00f6lm\u0259l\u0259rinin komandanl\u0131\u011f\u0131 h\u0259yata ke\u00e7irilir. Bizim \u0259limizd\u0259 konkret s\u00fcbutlar var. Oktyabr\u0131n 7-d\u0259 t\u00f6r\u0259dil\u0259n q\u0131r\u011f\u0131nlardan sonra y\u00fczl\u0259rl\u0259 terror\u00e7u x\u0259st\u0259xanada gizl\u0259ndi\u201d, &#8211; Haqari brifinqd\u0259 bildirib.<\/p>\n<\/p><\/div>\n<p><script>\n        (function (d, s, id) {\n            var js, fjs = d.getElementsByTagName(s)[0];\n            if (d.getElementById(id)) return;\n            js = d.createElement(s);\n            js.id = id;\n            js.src = \"\/\/connect.facebook.net\/az_AZ\/sdk.js#xfbml=1&version=v2.7&appId=\";\n            fjs.parentNode.insertBefore(js, fjs);\n        }(document, 'script', 'facebook-jssdk'));\n    <\/script><\/p>\n","protected":false},"excerpt":{"rendered":"<p>F\u0259l\u0259stin H\u018fMAS h\u0259r\u0259kat\u0131n\u0131n komanda m\u0259rk\u0259zi, el\u0259c\u0259 d\u0259 \u0130srail\u0259 h\u00fccumlar \u00fc\u00e7\u00fcn yeralt\u0131 v\u0259 yer\u00fcst\u00fc infrastruktur Q\u0259zza \u015f\u0259h\u0259rind\u0259 \u0259n b\u00f6y\u00fck \u201c\u015eifa\u201d x\u0259st\u0259xanas\u0131n\u0131n \u0259razisind\u0259 yerl\u0259\u015fir. Millinews.az-\u0131n m\u0259lumat\u0131na g\u00f6r\u0259, bunu \u0130srail M\u00fcdafi\u0259 Q\u00fcvv\u0259l\u0259rinin (IDF) m\u0259tbuat katibi, briqada general\u0131 Daniel Haqari deyib. &#8220;H\u018fMAS-\u0131n x\u0259st\u0259xanalar \u0259razisind\u0259 terror infrastrukturu var. H\u018fMAS x\u0259st\u0259xanan\u0131n (\u015eifa) \u0259razisind\u0259 m\u00fcxt\u0259lif yerl\u0259rd\u0259 komanda v\u0259 \u0259m\u0259liyyat m\u0259rk\u0259zl\u0259ri yerl\u0259\u015fdirib. Buradan &hellip;<\/p>\n","protected":false},"author":1,"featured_media":5865,"comment_status":"open","ping_status":"closed","sticky":false,"template":"","format":"standard","meta":{"footnotes":""},"categories":[9],"tags":[],"class_list":["post-5864","post","type-post","status-publish","format-standard","has-post-thumbnail","hentry","category-xeber"],"_links":{"self":[{"href":"https:\/\/millitv.net\/index.php?rest_route=\/wp\/v2\/posts\/5864","targetHints":{"allow":["GET"]}}],"collection":[{"href":"https:\/\/millitv.net\/index.php?rest_route=\/wp\/v2\/posts"}],"about":[{"href":"https:\/\/millitv.net\/index.php?rest_route=\/wp\/v2\/types\/post"}],"author":[{"embeddable":true,"href":"https:\/\/millitv.net\/index.php?rest_route=\/wp\/v2\/users\/1"}],"replies":[{"embeddable":true,"href":"https:\/\/millitv.net\/index.php?rest_route=%2Fwp%2Fv2%2Fcomments&post=5864"}],"version-history":[{"count":0,"href":"https:\/\/millitv.net\/index.php?rest_route=\/wp\/v2\/posts\/5864\/revisions"}],"wp:featuredmedia":[{"embeddable":true,"href":"https:\/\/millitv.net\/index.php?rest_route=\/wp\/v2\/media\/5865"}],"wp:attachment":[{"href":"https:\/\/millitv.net\/index.php?rest_route=%2Fwp%2Fv2%2Fmedia&parent=5864"}],"wp:term":[{"taxonomy":"category","embeddable":true,"href":"https:\/\/millitv.net\/index.php?rest_route=%2Fwp%2Fv2%2Fcategories&post=5864"},{"taxonomy":"post_tag","embeddable":true,"href":"https:\/\/millitv.net\/index.php?rest_route=%2Fwp%2Fv2%2Ftags&post=5864"}],"curies":[{"name":"wp","href":"https:\/\/api.w.org\/{rel}","templated":true}]}}