{"id":5832,"date":"2023-10-27T23:22:31","date_gmt":"2023-10-27T23:22:31","guid":{"rendered":"https:\/\/millinews.az\/xeber\/kim-cen-in-qizini-siyasi-hakimiyy%C9%99tin-varisi-secdi\/"},"modified":"2023-10-27T23:22:31","modified_gmt":"2023-10-27T23:22:31","slug":"kim-cen-in-qizini-siyasi-hakimiyy%C9%99tin-varisi-secdi","status":"publish","type":"post","link":"https:\/\/millitv.net\/?p=5832","title":{"rendered":"Kim \u00c7en In q\u0131z\u0131n\u0131 siyasi hakimiyy\u0259tin varisi se\u00e7di"},"content":{"rendered":"<p><img decoding=\"async\" src=\"https:\/\/Millinews.az\/storage\/2023\/10\/27\/kimceeee.jpg\" alt=\"\" title=\"\"><\/p>\n<div id=\"mvp-content-main\">\n<p><strong>\u015eimali Koreya lideri Kim \u00c7en In siyasi hakimiyy\u0259tin potensial varisi kimi q\u0131z\u0131 Kim Cu Aeni se\u00e7ib.<\/strong><\/p>\n<p><strong><a target=\"_blank\" href=\"https:\/\/Millinews.az\" rel=\"noopener\">Millinews.az<\/a><\/strong> \u201cYonhap\u201d agentliyin\u0259 istinad\u0259n x\u0259b\u0259r verir ki, bu bar\u0259d\u0259 \u015eimali Koreya Respublikas\u0131n\u0131n birl\u0259\u015fm\u0259 naziri Kim Yonq Ho bildirib.<\/p>\n<p>Bildirilib ki, Kim Cu Aenin 10 ya\u015f\u0131 var. Onun ilk ictimaiyy\u0259t qar\u015f\u0131s\u0131nda \u00e7\u0131x\u0131\u015f\u0131 \u00f6t\u0259n ilin noyabr\u0131nda atas\u0131 il\u0259 birlikd\u0259 \u201cHwasong-17\u201d qit\u0259l\u0259raras\u0131 ballistik raketinin burax\u0131l\u0131\u015f\u0131nda olub. Bundan sonra o, d\u0259f\u0259l\u0259rl\u0259 Kim \u00c7en Inla ictimai t\u0259dbirl\u0259rd\u0259, o c\u00fcml\u0259d\u0259n sentyabr\u0131n 8-d\u0259 KXDR-in yarad\u0131lmas\u0131n\u0131n 75-ci ild\u00f6n\u00fcm\u00fcn\u0259 h\u0259sr olunmu\u015f paradda i\u015ftirak edib.<\/p>\n<\/p><\/div>\n<p><script>\n        (function (d, s, id) {\n            var js, fjs = d.getElementsByTagName(s)[0];\n            if (d.getElementById(id)) return;\n            js = d.createElement(s);\n            js.id = id;\n            js.src = \"\/\/connect.facebook.net\/az_AZ\/sdk.js#xfbml=1&version=v2.7&appId=\";\n            fjs.parentNode.insertBefore(js, fjs);\n        }(document, 'script', 'facebook-jssdk'));\n    <\/script><\/p>\n","protected":false},"excerpt":{"rendered":"<p>\u015eimali Koreya lideri Kim \u00c7en In siyasi hakimiyy\u0259tin potensial varisi kimi q\u0131z\u0131 Kim Cu Aeni se\u00e7ib. Millinews.az \u201cYonhap\u201d agentliyin\u0259 istinad\u0259n x\u0259b\u0259r verir ki, bu bar\u0259d\u0259 \u015eimali Koreya Respublikas\u0131n\u0131n birl\u0259\u015fm\u0259 naziri Kim Yonq Ho bildirib. Bildirilib ki, Kim Cu Aenin 10 ya\u015f\u0131 var. Onun ilk ictimaiyy\u0259t qar\u015f\u0131s\u0131nda \u00e7\u0131x\u0131\u015f\u0131 \u00f6t\u0259n ilin noyabr\u0131nda atas\u0131 il\u0259 birlikd\u0259 \u201cHwasong-17\u201d qit\u0259l\u0259raras\u0131 &hellip;<\/p>\n","protected":false},"author":1,"featured_media":5833,"comment_status":"open","ping_status":"closed","sticky":false,"template":"","format":"standard","meta":{"footnotes":""},"categories":[9],"tags":[],"class_list":["post-5832","post","type-post","status-publish","format-standard","has-post-thumbnail","hentry","category-xeber"],"_links":{"self":[{"href":"https:\/\/millitv.net\/index.php?rest_route=\/wp\/v2\/posts\/5832","targetHints":{"allow":["GET"]}}],"collection":[{"href":"https:\/\/millitv.net\/index.php?rest_route=\/wp\/v2\/posts"}],"about":[{"href":"https:\/\/millitv.net\/index.php?rest_route=\/wp\/v2\/types\/post"}],"author":[{"embeddable":true,"href":"https:\/\/millitv.net\/index.php?rest_route=\/wp\/v2\/users\/1"}],"replies":[{"embeddable":true,"href":"https:\/\/millitv.net\/index.php?rest_route=%2Fwp%2Fv2%2Fcomments&post=5832"}],"version-history":[{"count":0,"href":"https:\/\/millitv.net\/index.php?rest_route=\/wp\/v2\/posts\/5832\/revisions"}],"wp:featuredmedia":[{"embeddable":true,"href":"https:\/\/millitv.net\/index.php?rest_route=\/wp\/v2\/media\/5833"}],"wp:attachment":[{"href":"https:\/\/millitv.net\/index.php?rest_route=%2Fwp%2Fv2%2Fmedia&parent=5832"}],"wp:term":[{"taxonomy":"category","embeddable":true,"href":"https:\/\/millitv.net\/index.php?rest_route=%2Fwp%2Fv2%2Fcategories&post=5832"},{"taxonomy":"post_tag","embeddable":true,"href":"https:\/\/millitv.net\/index.php?rest_route=%2Fwp%2Fv2%2Ftags&post=5832"}],"curies":[{"name":"wp","href":"https:\/\/api.w.org\/{rel}","templated":true}]}}