{"id":5830,"date":"2023-10-27T23:14:20","date_gmt":"2023-10-27T23:14:20","guid":{"rendered":"https:\/\/millinews.az\/xeber\/patrik-sik-cox-emosianal-oyun-oldu\/"},"modified":"2023-10-27T23:14:20","modified_gmt":"2023-10-27T23:14:20","slug":"patrik-sik-cox-emosianal-oyun-oldu","status":"publish","type":"post","link":"https:\/\/millitv.net\/?p=5830","title":{"rendered":"Patrik \u015eik: \u201c\u00c7ox emosianal oyun oldu\u201d"},"content":{"rendered":"<div id=\"maincontent\">&#13;<br \/>\n        &#13;<\/p>\n<p><strong>\u201c\u00c7ox emosianal oyun oldu\u201d.<\/strong>&#13;\n<\/p>\n<p><a href=\"https:\/\/Millinews.az\" target=\"_blank\" class=\"kw-link\" rel=\"noopener\">Millinews.az<\/a> x\u0259b\u0259r verir ki, bunu Almaniyan\u0131n \u201cBayer 04\u201d klubunun futbol\u00e7usu Patrik \u015eik \u201cQaraba\u011f\u201d\u0131 5:1 hesab\u0131 il\u0259 m\u0259\u011flub etdikl\u0259ri UEFA Avropa Liqas\u0131n\u0131n qrup m\u0259rh\u0259l\u0259sinin III turunun oyunu bar\u0259d\u0259 dan\u0131\u015fark\u0259n deyib.<\/p>\n<p>Qar\u015f\u0131la\u015fman\u0131n 62-ci d\u0259qiq\u0259sind\u0259 meydana \u00e7\u0131xaraq, uzunm\u00fcdd\u0259tli z\u0259d\u0259d\u0259n sonra d\u00f6n\u00fc\u015f\u00fcn\u00fc qeyd ed\u0259n 27 ya\u015fl\u0131 \u00e7exiyal\u0131 h\u00fccum\u00e7u bunu \u00f6z\u00fc \u00fc\u00e7\u00fcn unudulmaz an hesab edir: \u201cMeydana girm\u0259yim m\u0259ni sanki qol vurmu\u015fam kimi sevindirdi. Qay\u0131da bilm\u0259k \u00fc\u00e7\u00fcn \u00e7ox \u00e7al\u0131\u015fd\u0131m. \u018flb\u0259tt\u0259 ki, m\u0259\u015fql\u0259 oyun aras\u0131nda b\u00f6y\u00fck f\u0259rq var. H\u0259l\u0259 g\u00f6rm\u0259li oldu\u011fum i\u015f \u00e7oxdur. Ancaq indi q\u0259l\u0259b\u0259d\u0259n v\u0259 ya\u015f\u0131l meydanlara d\u00f6n\u00fc\u015f\u00fcmd\u0259n h\u0259zz al\u0131ram\u201d.<\/p>\n<p>Qeyd ed\u0259k ki, \u201cBayer 04\u201d H qrupunda 3 turdan sonra 9 xalla birinci, \u201cQaraba\u011f\u201d is\u0259 6 xalla ikinci pill\u0259d\u0259 q\u0259rarla\u015f\u0131b. IV turda bu komandalar noyabr\u0131n 9-da Bak\u0131da \u00fcz-\u00fcz\u0259 g\u0259l\u0259c\u0259kl\u0259r.&#13;<br \/>\n        &#13;<br \/>\n&#13;<br \/>\n        &#13;<br \/>\n&#13;\n        <\/p>\n<p><noscript><\/p>\n<p>You must enable Javascript on your browser for the site to work optimally and display sections completely.<\/p>\n<p><\/noscript>\t\t&#13;<br \/>\n\t\t&#13;\n    <\/div>\n<p><script type=\"text\/javascript\">jQuery(document).ready(function () {\n(function(d, s, id) {\n    var js, fjs = d.getElementsByTagName(s)[0];\n    if (d.getElementById(id))\n        return;\n    js = d.createElement(s);\n    js.id = id;\n    js.src = \"\/\/connect.facebook.net\/az_AZ\/all.js#xfbml=1&appId=1002485763137712\";\n    fjs.parentNode.insertBefore(js, fjs);\n}(document, 'script', 'facebook-jssdk'));                \n});<\/script><\/p>\n","protected":false},"excerpt":{"rendered":"<p>&#13; &#13; \u201c\u00c7ox emosianal oyun oldu\u201d.&#13; Millinews.az x\u0259b\u0259r verir ki, bunu Almaniyan\u0131n \u201cBayer 04\u201d klubunun futbol\u00e7usu Patrik \u015eik \u201cQaraba\u011f\u201d\u0131 5:1 hesab\u0131 il\u0259 m\u0259\u011flub etdikl\u0259ri UEFA Avropa Liqas\u0131n\u0131n qrup m\u0259rh\u0259l\u0259sinin III turunun oyunu bar\u0259d\u0259 dan\u0131\u015fark\u0259n deyib. Qar\u015f\u0131la\u015fman\u0131n 62-ci d\u0259qiq\u0259sind\u0259 meydana \u00e7\u0131xaraq, uzunm\u00fcdd\u0259tli z\u0259d\u0259d\u0259n sonra d\u00f6n\u00fc\u015f\u00fcn\u00fc qeyd ed\u0259n 27 ya\u015fl\u0131 \u00e7exiyal\u0131 h\u00fccum\u00e7u bunu \u00f6z\u00fc \u00fc\u00e7\u00fcn unudulmaz an &hellip;<\/p>\n","protected":false},"author":1,"featured_media":5831,"comment_status":"open","ping_status":"closed","sticky":false,"template":"","format":"standard","meta":{"footnotes":""},"categories":[9],"tags":[],"class_list":["post-5830","post","type-post","status-publish","format-standard","has-post-thumbnail","hentry","category-xeber"],"_links":{"self":[{"href":"https:\/\/millitv.net\/index.php?rest_route=\/wp\/v2\/posts\/5830","targetHints":{"allow":["GET"]}}],"collection":[{"href":"https:\/\/millitv.net\/index.php?rest_route=\/wp\/v2\/posts"}],"about":[{"href":"https:\/\/millitv.net\/index.php?rest_route=\/wp\/v2\/types\/post"}],"author":[{"embeddable":true,"href":"https:\/\/millitv.net\/index.php?rest_route=\/wp\/v2\/users\/1"}],"replies":[{"embeddable":true,"href":"https:\/\/millitv.net\/index.php?rest_route=%2Fwp%2Fv2%2Fcomments&post=5830"}],"version-history":[{"count":0,"href":"https:\/\/millitv.net\/index.php?rest_route=\/wp\/v2\/posts\/5830\/revisions"}],"wp:featuredmedia":[{"embeddable":true,"href":"https:\/\/millitv.net\/index.php?rest_route=\/wp\/v2\/media\/5831"}],"wp:attachment":[{"href":"https:\/\/millitv.net\/index.php?rest_route=%2Fwp%2Fv2%2Fmedia&parent=5830"}],"wp:term":[{"taxonomy":"category","embeddable":true,"href":"https:\/\/millitv.net\/index.php?rest_route=%2Fwp%2Fv2%2Fcategories&post=5830"},{"taxonomy":"post_tag","embeddable":true,"href":"https:\/\/millitv.net\/index.php?rest_route=%2Fwp%2Fv2%2Ftags&post=5830"}],"curies":[{"name":"wp","href":"https:\/\/api.w.org\/{rel}","templated":true}]}}