{"id":5826,"date":"2023-10-27T22:58:02","date_gmt":"2023-10-27T22:58:02","guid":{"rendered":"https:\/\/millinews.az\/xeber\/isin-karaca-ozund%C9%99n-21-yas-kicik-sevgilisi-il%C9%99-evl%C9%99ndi\/"},"modified":"2023-10-27T22:58:02","modified_gmt":"2023-10-27T22:58:02","slug":"isin-karaca-ozund%C9%99n-21-yas-kicik-sevgilisi-il%C9%99-evl%C9%99ndi","status":"publish","type":"post","link":"https:\/\/millitv.net\/?p=5826","title":{"rendered":"I\u015f\u0131n Karaca \u00f6z\u00fcnd\u0259n 21 ya\u015f ki\u00e7ik sevgilisi il\u0259 evl\u0259ndi"},"content":{"rendered":"<div id=\"mvp-content-main\">\n<p><strong>T\u00fcrkiy\u0259li s\u0259n\u0259t\u00e7i I\u015f\u0131n Karaca \u00f6z\u00fcnd\u0259n 21 ya\u015f ki\u00e7ik sevgilisi musiqi\u00e7i Can Yap\u0131c\u0131o\u011flu il\u0259 evl\u0259nib.<\/strong><\/p>\n<p><strong><a target=\"_blank\" href=\"https:\/\/Millinews.az\" rel=\"noopener\">Millinews.az<\/a> <\/strong>x\u0259b\u0259r verir ki, Karaca \u00f6z\u0259l g\u00fcn\u00fcnd\u0259n fotolar\u0131 sosial media hesab\u0131nda payla\u015f\u0131b.<\/p>\n<p>Amsterdamda ke\u00e7iril\u0259n toya c\u00fctl\u00fcy\u00fcn ail\u0259si v\u0259 yax\u0131n tan\u0131\u015flar\u0131 qat\u0131l\u0131b.<\/p>\n<p>Xat\u0131rladaq ki, I\u015fin Karaca sa\u00e7 q\u0131ran kimi tan\u0131nan Alopesiya<a href=\"https:\/\/qafqazinfo.az\/news\/detail\/isin-karaca-xesteliyinden-danisdi-405809\" target=\"_blank\" rel=\"noopener\"> <\/a>areata x\u0259st\u0259liyin\u0259 tutuldu\u011funu a\u00e7\u0131qlam\u0131\u015fd\u0131.<\/p>\n<p>Qeyd ed\u0259k ki, Karaca 3 illik h\u0259yat yolda\u015f\u0131 Tu\u011frul Odaba\u015f\u0131ndan 2019-cu ild\u0259 bo\u015fan\u0131b.<\/p>\n<p><img decoding=\"async\" alt=\"\" src=\"https:\/\/qafqazinfo.az\/uploads\/1698422198\/e090dbb5-ba12-4bbf-8a91-d0ccecfef0d1.jpg\" title=\"\"><\/p>\n<p><img decoding=\"async\" alt=\"\" src=\"https:\/\/qafqazinfo.az\/uploads\/1698422198\/15d35cfd-d54d-430e-a2a6-c7a60671b100.jpg\" title=\"\"><\/p>\n<p>qafqazinfo<\/p>\n<\/p><\/div>\n<p><script>\n        (function (d, s, id) {\n            var js, fjs = d.getElementsByTagName(s)[0];\n            if (d.getElementById(id)) return;\n            js = d.createElement(s);\n            js.id = id;\n            js.src = \"\/\/connect.facebook.net\/az_AZ\/sdk.js#xfbml=1&version=v2.7&appId=\";\n            fjs.parentNode.insertBefore(js, fjs);\n        }(document, 'script', 'facebook-jssdk'));\n    <\/script><\/p>\n","protected":false},"excerpt":{"rendered":"<p>T\u00fcrkiy\u0259li s\u0259n\u0259t\u00e7i I\u015f\u0131n Karaca \u00f6z\u00fcnd\u0259n 21 ya\u015f ki\u00e7ik sevgilisi musiqi\u00e7i Can Yap\u0131c\u0131o\u011flu il\u0259 evl\u0259nib. Millinews.az x\u0259b\u0259r verir ki, Karaca \u00f6z\u0259l g\u00fcn\u00fcnd\u0259n fotolar\u0131 sosial media hesab\u0131nda payla\u015f\u0131b. Amsterdamda ke\u00e7iril\u0259n toya c\u00fctl\u00fcy\u00fcn ail\u0259si v\u0259 yax\u0131n tan\u0131\u015flar\u0131 qat\u0131l\u0131b. Xat\u0131rladaq ki, I\u015fin Karaca sa\u00e7 q\u0131ran kimi tan\u0131nan Alopesiya areata x\u0259st\u0259liyin\u0259 tutuldu\u011funu a\u00e7\u0131qlam\u0131\u015fd\u0131. Qeyd ed\u0259k ki, Karaca 3 illik h\u0259yat &hellip;<\/p>\n","protected":false},"author":1,"featured_media":5827,"comment_status":"open","ping_status":"closed","sticky":false,"template":"","format":"standard","meta":{"footnotes":""},"categories":[9],"tags":[],"class_list":["post-5826","post","type-post","status-publish","format-standard","has-post-thumbnail","hentry","category-xeber"],"_links":{"self":[{"href":"https:\/\/millitv.net\/index.php?rest_route=\/wp\/v2\/posts\/5826","targetHints":{"allow":["GET"]}}],"collection":[{"href":"https:\/\/millitv.net\/index.php?rest_route=\/wp\/v2\/posts"}],"about":[{"href":"https:\/\/millitv.net\/index.php?rest_route=\/wp\/v2\/types\/post"}],"author":[{"embeddable":true,"href":"https:\/\/millitv.net\/index.php?rest_route=\/wp\/v2\/users\/1"}],"replies":[{"embeddable":true,"href":"https:\/\/millitv.net\/index.php?rest_route=%2Fwp%2Fv2%2Fcomments&post=5826"}],"version-history":[{"count":0,"href":"https:\/\/millitv.net\/index.php?rest_route=\/wp\/v2\/posts\/5826\/revisions"}],"wp:featuredmedia":[{"embeddable":true,"href":"https:\/\/millitv.net\/index.php?rest_route=\/wp\/v2\/media\/5827"}],"wp:attachment":[{"href":"https:\/\/millitv.net\/index.php?rest_route=%2Fwp%2Fv2%2Fmedia&parent=5826"}],"wp:term":[{"taxonomy":"category","embeddable":true,"href":"https:\/\/millitv.net\/index.php?rest_route=%2Fwp%2Fv2%2Fcategories&post=5826"},{"taxonomy":"post_tag","embeddable":true,"href":"https:\/\/millitv.net\/index.php?rest_route=%2Fwp%2Fv2%2Ftags&post=5826"}],"curies":[{"name":"wp","href":"https:\/\/api.w.org\/{rel}","templated":true}]}}