{"id":5818,"date":"2023-10-27T22:09:28","date_gmt":"2023-10-27T22:09:28","guid":{"rendered":"https:\/\/millinews.az\/xeber\/israilin-ozunu-mudafi%C9%99-etm%C9%99k-huququnu-d%C9%99st%C9%99kl%C9%99yirik\/"},"modified":"2023-10-27T22:09:28","modified_gmt":"2023-10-27T22:09:28","slug":"israilin-ozunu-mudafi%C9%99-etm%C9%99k-huququnu-d%C9%99st%C9%99kl%C9%99yirik","status":"publish","type":"post","link":"https:\/\/millitv.net\/?p=5818","title":{"rendered":"\u0130srailin \u00f6z\u00fcn\u00fc m\u00fcdafi\u0259 etm\u0259k h\u00fcququnu d\u0259st\u0259kl\u0259yirik"},"content":{"rendered":"<p><img decoding=\"async\" src=\"https:\/\/Millinews.az\/storage\/2023\/10\/28\/mycollages__1___1_.jpg\" alt=\"\" title=\"\"><\/p>\n<div id=\"mvp-content-main\">\n<p><strong>&#8220;\u0130srailin beyn\u0259lxalq humanitar h\u00fcquqa uy\u011fun olaraq \u00f6z\u00fcn\u00fc m\u00fcdafi\u0259 etm\u0259 haqq\u0131n\u0131 d\u0259st\u0259kl\u0259yirik&#8221;.<\/strong><\/p>\n<p><strong><a target=\"_blank\" href=\"https:\/\/Millinews.az\" rel=\"noopener\">Millinews.az<\/a><\/strong> xarici K\u0130V-\u0259 istinad\u0259n x\u0259b\u0259r verir ki, bu bar\u0259d\u0259 B\u00f6y\u00fck Britaniyan\u0131n xarici i\u015fl\u0259r naziri Ceyms Kleverli bildirib.<\/p>\n<p>O, \u0130srailin H\u018fMAS-a qar\u015f\u0131 h\u0259rbi \u0259m\u0259liyyat\u0131n\u0131 geni\u015fl\u0259ndirdiyini qeyd edib.<\/p>\n<\/p><\/div>\n<p><script>\n        (function (d, s, id) {\n            var js, fjs = d.getElementsByTagName(s)[0];\n            if (d.getElementById(id)) return;\n            js = d.createElement(s);\n            js.id = id;\n            js.src = \"\/\/connect.facebook.net\/az_AZ\/sdk.js#xfbml=1&version=v2.7&appId=\";\n            fjs.parentNode.insertBefore(js, fjs);\n        }(document, 'script', 'facebook-jssdk'));\n    <\/script><\/p>\n","protected":false},"excerpt":{"rendered":"<p>&#8220;\u0130srailin beyn\u0259lxalq humanitar h\u00fcquqa uy\u011fun olaraq \u00f6z\u00fcn\u00fc m\u00fcdafi\u0259 etm\u0259 haqq\u0131n\u0131 d\u0259st\u0259kl\u0259yirik&#8221;. Millinews.az xarici K\u0130V-\u0259 istinad\u0259n x\u0259b\u0259r verir ki, bu bar\u0259d\u0259 B\u00f6y\u00fck Britaniyan\u0131n xarici i\u015fl\u0259r naziri Ceyms Kleverli bildirib. O, \u0130srailin H\u018fMAS-a qar\u015f\u0131 h\u0259rbi \u0259m\u0259liyyat\u0131n\u0131 geni\u015fl\u0259ndirdiyini qeyd edib.<\/p>\n","protected":false},"author":1,"featured_media":5819,"comment_status":"open","ping_status":"closed","sticky":false,"template":"","format":"standard","meta":{"footnotes":""},"categories":[9],"tags":[],"class_list":["post-5818","post","type-post","status-publish","format-standard","has-post-thumbnail","hentry","category-xeber"],"_links":{"self":[{"href":"https:\/\/millitv.net\/index.php?rest_route=\/wp\/v2\/posts\/5818","targetHints":{"allow":["GET"]}}],"collection":[{"href":"https:\/\/millitv.net\/index.php?rest_route=\/wp\/v2\/posts"}],"about":[{"href":"https:\/\/millitv.net\/index.php?rest_route=\/wp\/v2\/types\/post"}],"author":[{"embeddable":true,"href":"https:\/\/millitv.net\/index.php?rest_route=\/wp\/v2\/users\/1"}],"replies":[{"embeddable":true,"href":"https:\/\/millitv.net\/index.php?rest_route=%2Fwp%2Fv2%2Fcomments&post=5818"}],"version-history":[{"count":0,"href":"https:\/\/millitv.net\/index.php?rest_route=\/wp\/v2\/posts\/5818\/revisions"}],"wp:featuredmedia":[{"embeddable":true,"href":"https:\/\/millitv.net\/index.php?rest_route=\/wp\/v2\/media\/5819"}],"wp:attachment":[{"href":"https:\/\/millitv.net\/index.php?rest_route=%2Fwp%2Fv2%2Fmedia&parent=5818"}],"wp:term":[{"taxonomy":"category","embeddable":true,"href":"https:\/\/millitv.net\/index.php?rest_route=%2Fwp%2Fv2%2Fcategories&post=5818"},{"taxonomy":"post_tag","embeddable":true,"href":"https:\/\/millitv.net\/index.php?rest_route=%2Fwp%2Fv2%2Ftags&post=5818"}],"curies":[{"name":"wp","href":"https:\/\/api.w.org\/{rel}","templated":true}]}}