{"id":5805,"date":"2023-10-27T20:35:20","date_gmt":"2023-10-27T20:35:20","guid":{"rendered":"https:\/\/millinews.az\/xeber\/abs-v%C9%99-cin-birlikd%C9%99-calismalidir\/"},"modified":"2023-10-27T20:35:20","modified_gmt":"2023-10-27T20:35:20","slug":"abs-v%C9%99-cin-birlikd%C9%99-calismalidir","status":"publish","type":"post","link":"https:\/\/millitv.net\/?p=5805","title":{"rendered":"AB\u015e v\u0259 \u00c7in birlikd\u0259 \u00e7al\u0131\u015fmal\u0131d\u0131r"},"content":{"rendered":"<p><img decoding=\"async\" src=\"https:\/\/Millinews.az\/storage\/2023\/05\/20\/bayden.jpg\" alt=\"\" title=\"\"><\/p>\n<div id=\"mvp-content-main\">\n<p><strong>AB\u015e Prezidenti Co Bayden \u00c7inin xarici i\u015fl\u0259r naziri Vanq \u0130 il\u0259 A\u011f Evd\u0259 dan\u0131\u015f\u0131qlar apar\u0131b.<\/strong><\/p>\n<p><strong><a target=\"_blank\" href=\"https:\/\/Millinews.az\" rel=\"noopener\">Millinews.az<\/a><\/strong> x\u0259b\u0259r verir ki, bu bar\u0259d\u0259 A\u011f Evin sayt\u0131nda m\u0259lumat verilib.<\/p>\n<p>\u201cAB\u015e v\u0259 \u00c7in qlobal probleml\u0259rin h\u0259lli \u00fc\u00e7\u00fcn birlikd\u0259 \u00e7al\u0131\u015fmal\u0131d\u0131r\u201d, &#8211; dey\u0259 Bayden g\u00f6r\u00fc\u015f zaman\u0131 vur\u011fulay\u0131b.<\/p>\n<\/p><\/div>\n<p><script>\n        (function (d, s, id) {\n            var js, fjs = d.getElementsByTagName(s)[0];\n            if (d.getElementById(id)) return;\n            js = d.createElement(s);\n            js.id = id;\n            js.src = \"\/\/connect.facebook.net\/az_AZ\/sdk.js#xfbml=1&version=v2.7&appId=\";\n            fjs.parentNode.insertBefore(js, fjs);\n        }(document, 'script', 'facebook-jssdk'));\n    <\/script><\/p>\n","protected":false},"excerpt":{"rendered":"<p>AB\u015e Prezidenti Co Bayden \u00c7inin xarici i\u015fl\u0259r naziri Vanq \u0130 il\u0259 A\u011f Evd\u0259 dan\u0131\u015f\u0131qlar apar\u0131b. Millinews.az x\u0259b\u0259r verir ki, bu bar\u0259d\u0259 A\u011f Evin sayt\u0131nda m\u0259lumat verilib. \u201cAB\u015e v\u0259 \u00c7in qlobal probleml\u0259rin h\u0259lli \u00fc\u00e7\u00fcn birlikd\u0259 \u00e7al\u0131\u015fmal\u0131d\u0131r\u201d, &#8211; dey\u0259 Bayden g\u00f6r\u00fc\u015f zaman\u0131 vur\u011fulay\u0131b.<\/p>\n","protected":false},"author":1,"featured_media":2838,"comment_status":"open","ping_status":"closed","sticky":false,"template":"","format":"standard","meta":{"footnotes":""},"categories":[9],"tags":[],"class_list":["post-5805","post","type-post","status-publish","format-standard","has-post-thumbnail","hentry","category-xeber"],"_links":{"self":[{"href":"https:\/\/millitv.net\/index.php?rest_route=\/wp\/v2\/posts\/5805","targetHints":{"allow":["GET"]}}],"collection":[{"href":"https:\/\/millitv.net\/index.php?rest_route=\/wp\/v2\/posts"}],"about":[{"href":"https:\/\/millitv.net\/index.php?rest_route=\/wp\/v2\/types\/post"}],"author":[{"embeddable":true,"href":"https:\/\/millitv.net\/index.php?rest_route=\/wp\/v2\/users\/1"}],"replies":[{"embeddable":true,"href":"https:\/\/millitv.net\/index.php?rest_route=%2Fwp%2Fv2%2Fcomments&post=5805"}],"version-history":[{"count":0,"href":"https:\/\/millitv.net\/index.php?rest_route=\/wp\/v2\/posts\/5805\/revisions"}],"wp:featuredmedia":[{"embeddable":true,"href":"https:\/\/millitv.net\/index.php?rest_route=\/wp\/v2\/media\/2838"}],"wp:attachment":[{"href":"https:\/\/millitv.net\/index.php?rest_route=%2Fwp%2Fv2%2Fmedia&parent=5805"}],"wp:term":[{"taxonomy":"category","embeddable":true,"href":"https:\/\/millitv.net\/index.php?rest_route=%2Fwp%2Fv2%2Fcategories&post=5805"},{"taxonomy":"post_tag","embeddable":true,"href":"https:\/\/millitv.net\/index.php?rest_route=%2Fwp%2Fv2%2Ftags&post=5805"}],"curies":[{"name":"wp","href":"https:\/\/api.w.org\/{rel}","templated":true}]}}