{"id":5773,"date":"2023-10-27T18:18:38","date_gmt":"2023-10-27T18:18:38","guid":{"rendered":"https:\/\/millinews.az\/xeber\/ararat-mirzoyanin-aciqlamalari-tamamil%C9%99-q%C9%99buledilm%C9%99zdir\/"},"modified":"2023-10-27T18:18:38","modified_gmt":"2023-10-27T18:18:38","slug":"ararat-mirzoyanin-aciqlamalari-tamamil%C9%99-q%C9%99buledilm%C9%99zdir","status":"publish","type":"post","link":"https:\/\/millitv.net\/?p=5773","title":{"rendered":"Ararat Mirzoyan\u0131n a\u00e7\u0131qlamalar\u0131 tamamil\u0259 q\u0259buledilm\u0259zdir"},"content":{"rendered":"<p><img decoding=\"async\" src=\"https:\/\/Millinews.az\/storage\/2023\/10\/27\/db1d271d-0ced-3937-b427-1855e58bee16_850.jpg\" alt=\"\" title=\"\"><\/p>\n<div id=\"mvp-content-main\">\n<p><strong>S\u00fclhd\u0259n, s\u00fclh m\u00fcqavil\u0259sind\u0259n ag\u0131zdolusu dan\u0131\u015fan Erm\u0259nistan\u0131n h\u0259l\u0259 d\u0259 Az\u0259rbaycan\u0131n suverenliyini t\u0259hdid ed\u0259n, onun daxili i\u015fl\u0259rin\u0259 kobud m\u00fcdaxil\u0259 kimi qiym\u0259tl\u0259ndiril\u0259n bel\u0259 a\u00e7\u0131qlamalar\u0131 tamamil\u0259 q\u0259buledilm\u0259zdir.<\/strong><\/p>\n<p><strong><a target=\"_blank\" href=\"https:\/\/Millinews.az\" rel=\"noopener\">Millinews.az<\/a><\/strong> x\u0259b\u0259r verir ki, bu fikir Q\u0259rbi Az\u0259rbaycan \u0130cmas\u0131n\u0131n Erm\u0259nistan\u0131n xarici i\u015fl\u0259r naziri Ararat Mirzoyan Az\u0259rbaycan\u0131n Qaraba\u011f b\u00f6lg\u0259sin\u0259 UNESCO missiyas\u0131n\u0131n g\u00f6nd\u0259rilm\u0259sinin vacibliyi il\u0259 ba\u011fl\u0131 a\u00e7\u0131qlamas\u0131na cavab\u0131nda yer al\u0131b.<\/p>\n<p>\u201cHesab edirik ki, A.Mirzoyan ba\u015fda olmaqla erm\u0259ni diplomatiyas\u0131n\u0131n UNESCO il\u0259 ba\u011fl\u0131 ilk i\u015fi Az\u0259rbaycan xalq\u0131n\u0131n m\u0259d\u0259ni irsinin monitorinqi m\u0259qs\u0259dil\u0259 bu t\u0259\u015fkilat\u0131n faktlar\u0131n ara\u015fd\u0131r\u0131lmas\u0131 missiyas\u0131n\u0131n Erm\u0259nistana s\u0259f\u0259rin\u0259 imkan yaratmaq olmal\u0131d\u0131r\u201d, &#8211; \u0130cmadan \u0259lav\u0259 edilib.<\/p>\n<\/p><\/div>\n<p><script>\n        (function (d, s, id) {\n            var js, fjs = d.getElementsByTagName(s)[0];\n            if (d.getElementById(id)) return;\n            js = d.createElement(s);\n            js.id = id;\n            js.src = \"\/\/connect.facebook.net\/az_AZ\/sdk.js#xfbml=1&version=v2.7&appId=\";\n            fjs.parentNode.insertBefore(js, fjs);\n        }(document, 'script', 'facebook-jssdk'));\n    <\/script><\/p>\n","protected":false},"excerpt":{"rendered":"<p>S\u00fclhd\u0259n, s\u00fclh m\u00fcqavil\u0259sind\u0259n ag\u0131zdolusu dan\u0131\u015fan Erm\u0259nistan\u0131n h\u0259l\u0259 d\u0259 Az\u0259rbaycan\u0131n suverenliyini t\u0259hdid ed\u0259n, onun daxili i\u015fl\u0259rin\u0259 kobud m\u00fcdaxil\u0259 kimi qiym\u0259tl\u0259ndiril\u0259n bel\u0259 a\u00e7\u0131qlamalar\u0131 tamamil\u0259 q\u0259buledilm\u0259zdir. Millinews.az x\u0259b\u0259r verir ki, bu fikir Q\u0259rbi Az\u0259rbaycan \u0130cmas\u0131n\u0131n Erm\u0259nistan\u0131n xarici i\u015fl\u0259r naziri Ararat Mirzoyan Az\u0259rbaycan\u0131n Qaraba\u011f b\u00f6lg\u0259sin\u0259 UNESCO missiyas\u0131n\u0131n g\u00f6nd\u0259rilm\u0259sinin vacibliyi il\u0259 ba\u011fl\u0131 a\u00e7\u0131qlamas\u0131na cavab\u0131nda yer al\u0131b. \u201cHesab edirik ki, A.Mirzoyan &hellip;<\/p>\n","protected":false},"author":1,"featured_media":5774,"comment_status":"open","ping_status":"closed","sticky":false,"template":"","format":"standard","meta":{"footnotes":""},"categories":[9],"tags":[],"class_list":["post-5773","post","type-post","status-publish","format-standard","has-post-thumbnail","hentry","category-xeber"],"_links":{"self":[{"href":"https:\/\/millitv.net\/index.php?rest_route=\/wp\/v2\/posts\/5773","targetHints":{"allow":["GET"]}}],"collection":[{"href":"https:\/\/millitv.net\/index.php?rest_route=\/wp\/v2\/posts"}],"about":[{"href":"https:\/\/millitv.net\/index.php?rest_route=\/wp\/v2\/types\/post"}],"author":[{"embeddable":true,"href":"https:\/\/millitv.net\/index.php?rest_route=\/wp\/v2\/users\/1"}],"replies":[{"embeddable":true,"href":"https:\/\/millitv.net\/index.php?rest_route=%2Fwp%2Fv2%2Fcomments&post=5773"}],"version-history":[{"count":0,"href":"https:\/\/millitv.net\/index.php?rest_route=\/wp\/v2\/posts\/5773\/revisions"}],"wp:featuredmedia":[{"embeddable":true,"href":"https:\/\/millitv.net\/index.php?rest_route=\/wp\/v2\/media\/5774"}],"wp:attachment":[{"href":"https:\/\/millitv.net\/index.php?rest_route=%2Fwp%2Fv2%2Fmedia&parent=5773"}],"wp:term":[{"taxonomy":"category","embeddable":true,"href":"https:\/\/millitv.net\/index.php?rest_route=%2Fwp%2Fv2%2Fcategories&post=5773"},{"taxonomy":"post_tag","embeddable":true,"href":"https:\/\/millitv.net\/index.php?rest_route=%2Fwp%2Fv2%2Ftags&post=5773"}],"curies":[{"name":"wp","href":"https:\/\/api.w.org\/{rel}","templated":true}]}}