{"id":5761,"date":"2023-10-27T17:19:33","date_gmt":"2023-10-27T17:19:33","guid":{"rendered":"https:\/\/millinews.az\/xeber\/rusiya-qarabagda-sulhm%C9%99ramlilarin-%C9%99m%C9%99liyyat-zonasinin-adini-d%C9%99yisdi\/"},"modified":"2023-10-27T17:19:33","modified_gmt":"2023-10-27T17:19:33","slug":"rusiya-qarabagda-sulhm%C9%99ramlilarin-%C9%99m%C9%99liyyat-zonasinin-adini-d%C9%99yisdi","status":"publish","type":"post","link":"https:\/\/millitv.net\/?p=5761","title":{"rendered":"Rusiya Qaraba\u011fda s\u00fclhm\u0259raml\u0131lar\u0131n \u0259m\u0259liyyat zonas\u0131n\u0131n ad\u0131n\u0131 d\u0259yi\u015fdi"},"content":{"rendered":"<div id=\"maincontent\">&#13;<br \/>\n        &#13;<\/p>\n<p><strong>Rusiya Federasiyas\u0131n\u0131n M\u00fcdafi\u0259 Nazirliyi h\u0259rbi idar\u0259nin b\u00fclletenind\u0259 Rusiya s\u00fclhm\u0259raml\u0131lar\u0131n\u0131n Qaraba\u011fda f\u0259aliyy\u0259t g\u00f6st\u0259rdiyi zonan\u0131n ad\u0131n\u0131 \u201cAz\u0259rbaycan Respublikas\u0131n\u0131n Qaraba\u011f iqtisadi rayonu\u201d kimi qeyd edib.<\/strong><\/p>\n<p><a href=\"https:\/\/Millinews.az\" target=\"_blank\" class=\"kw-link\" rel=\"noopener\">Millinews.az<\/a> x\u0259b\u0259r verir ki, \u0259vv\u0259ll\u0259r Rusiya M\u00fcdafi\u0259 Nazirliyinin b\u00fclletenl\u0259rind\u0259 h\u0259r\u0259k\u0259t zonas\u0131 \u201cDa\u011fl\u0131q Qaraba\u011f m\u00fcnaqi\u015f\u0259si zonas\u0131\u201d adlan\u0131rd\u0131. &#13;\n<\/p>\n<p>27 oktyabr tarixli b\u00fclletend\u0259, h\u0259m\u00e7inin qeyd olunur ki, yollarda h\u0259r\u0259k\u0259tin t\u0259hl\u00fck\u0259sizliyini t\u0259min etm\u0259k m\u0259qs\u0259dil\u0259 Xank\u0259ndi \u0259razisind\u0259 iki post yarad\u0131l\u0131b.<\/p>\n<p>M\u0259lumata g\u00f6r\u0259, 2023-c\u00fc il sentyabr\u0131n 19-dan etibar\u0259n Rusiya s\u00fclhm\u0259raml\u0131lar\u0131n\u0131n A\u011fd\u0259r\u0259, Xocav\u0259nd, Xocal\u0131 v\u0259 \u015eu\u015fa rayonlar\u0131nda 8 m\u00fc\u015fahid\u0259, 16 m\u00fcv\u0259qq\u0259ti m\u00fc\u015fahid\u0259 m\u0259nt\u0259q\u0259si ba\u011flan\u0131b.&#13;<br \/>\n        &#13;<br \/>\n&#13;<br \/>\n        &#13;<br \/>\n&#13;\n        <\/p>\n<p><noscript><\/p>\n<p>You must enable Javascript on your browser for the site to work optimally and display sections completely.<\/p>\n<p><\/noscript>\t\t&#13;<br \/>\n\t\t&#13;\n    <\/div>\n<p><script type=\"text\/javascript\">jQuery(document).ready(function () {\n(function(d, s, id) {\n    var js, fjs = d.getElementsByTagName(s)[0];\n    if (d.getElementById(id))\n        return;\n    js = d.createElement(s);\n    js.id = id;\n    js.src = \"\/\/connect.facebook.net\/az_AZ\/all.js#xfbml=1&appId=1002485763137712\";\n    fjs.parentNode.insertBefore(js, fjs);\n}(document, 'script', 'facebook-jssdk'));                \n});<\/script><\/p>\n","protected":false},"excerpt":{"rendered":"<p>&#13; &#13; Rusiya Federasiyas\u0131n\u0131n M\u00fcdafi\u0259 Nazirliyi h\u0259rbi idar\u0259nin b\u00fclletenind\u0259 Rusiya s\u00fclhm\u0259raml\u0131lar\u0131n\u0131n Qaraba\u011fda f\u0259aliyy\u0259t g\u00f6st\u0259rdiyi zonan\u0131n ad\u0131n\u0131 \u201cAz\u0259rbaycan Respublikas\u0131n\u0131n Qaraba\u011f iqtisadi rayonu\u201d kimi qeyd edib. Millinews.az x\u0259b\u0259r verir ki, \u0259vv\u0259ll\u0259r Rusiya M\u00fcdafi\u0259 Nazirliyinin b\u00fclletenl\u0259rind\u0259 h\u0259r\u0259k\u0259t zonas\u0131 \u201cDa\u011fl\u0131q Qaraba\u011f m\u00fcnaqi\u015f\u0259si zonas\u0131\u201d adlan\u0131rd\u0131. &#13; 27 oktyabr tarixli b\u00fclletend\u0259, h\u0259m\u00e7inin qeyd olunur ki, yollarda h\u0259r\u0259k\u0259tin t\u0259hl\u00fck\u0259sizliyini t\u0259min etm\u0259k m\u0259qs\u0259dil\u0259 &hellip;<\/p>\n","protected":false},"author":1,"featured_media":5762,"comment_status":"open","ping_status":"closed","sticky":false,"template":"","format":"standard","meta":{"footnotes":""},"categories":[9],"tags":[],"class_list":["post-5761","post","type-post","status-publish","format-standard","has-post-thumbnail","hentry","category-xeber"],"_links":{"self":[{"href":"https:\/\/millitv.net\/index.php?rest_route=\/wp\/v2\/posts\/5761","targetHints":{"allow":["GET"]}}],"collection":[{"href":"https:\/\/millitv.net\/index.php?rest_route=\/wp\/v2\/posts"}],"about":[{"href":"https:\/\/millitv.net\/index.php?rest_route=\/wp\/v2\/types\/post"}],"author":[{"embeddable":true,"href":"https:\/\/millitv.net\/index.php?rest_route=\/wp\/v2\/users\/1"}],"replies":[{"embeddable":true,"href":"https:\/\/millitv.net\/index.php?rest_route=%2Fwp%2Fv2%2Fcomments&post=5761"}],"version-history":[{"count":0,"href":"https:\/\/millitv.net\/index.php?rest_route=\/wp\/v2\/posts\/5761\/revisions"}],"wp:featuredmedia":[{"embeddable":true,"href":"https:\/\/millitv.net\/index.php?rest_route=\/wp\/v2\/media\/5762"}],"wp:attachment":[{"href":"https:\/\/millitv.net\/index.php?rest_route=%2Fwp%2Fv2%2Fmedia&parent=5761"}],"wp:term":[{"taxonomy":"category","embeddable":true,"href":"https:\/\/millitv.net\/index.php?rest_route=%2Fwp%2Fv2%2Fcategories&post=5761"},{"taxonomy":"post_tag","embeddable":true,"href":"https:\/\/millitv.net\/index.php?rest_route=%2Fwp%2Fv2%2Ftags&post=5761"}],"curies":[{"name":"wp","href":"https:\/\/api.w.org\/{rel}","templated":true}]}}