{"id":5758,"date":"2023-10-27T17:04:48","date_gmt":"2023-10-27T17:04:48","guid":{"rendered":"https:\/\/millinews.az\/xeber\/ai-d%C9%99n-rusiyaya-yeni-sanksiya-paketi\/"},"modified":"2023-10-27T17:04:48","modified_gmt":"2023-10-27T17:04:48","slug":"ai-d%C9%99n-rusiyaya-yeni-sanksiya-paketi","status":"publish","type":"post","link":"https:\/\/millitv.net\/?p=5758","title":{"rendered":"A\u0130-d\u0259n Rusiyaya yeni sanksiya paketi"},"content":{"rendered":"<p><img decoding=\"async\" src=\"https:\/\/Millinews.az\/storage\/2023\/10\/23\/avropa-ittifaqi.jpg\" alt=\"\" title=\"\"><\/p>\n<div id=\"mvp-content-main\">\n<p><strong>Avropa \u0130ttifaq\u0131 (A\u0130) Rusiyadan almaz idxal\u0131na qada\u011fa da daxil olmaqla 12-ci sanksiya paketi \u00fc\u00e7\u00fcn haz\u0131rl\u0131qlar\u0131n apar\u0131ld\u0131\u011f\u0131n\u0131 bildirib.<\/strong><\/p>\n<p><strong><a target=\"_blank\" href=\"https:\/\/Millinews.az\" rel=\"noopener\">Millinews.az<\/a><\/strong> xarici K\u0130V-\u0259 istinad\u0259n x\u0259b\u0259r verir ki, bu bar\u0259d\u0259 Avropa Komissiyas\u0131n\u0131n r\u0259hb\u0259ri Ursula Fon der Lyayen bildirib. \u201cBiz haz\u0131rda 12-ci sanksiya paketinin haz\u0131rlanmas\u0131 prosesind\u0259yik v\u0259 bu m\u0259s\u0259l\u0259 il\u0259 ba\u011fl\u0131 \u00fczv d\u00f6vl\u0259tl\u0259rl\u0259 m\u0259sl\u0259h\u0259tl\u0259\u015fm\u0259l\u0259r apar\u0131r\u0131q\u201d, &#8211; dey\u0259 Lyayen bildirib. H\u0259m\u00e7inin, A\u0130-nin Rusiyan\u0131n Avropaya v\u0259 t\u0259r\u0259fda\u015f \u00f6lk\u0259l\u0259r\u0259 almaz ixrac\u0131ndan \u0259ld\u0259 etdiyi g\u0259lirin nec\u0259 k\u0259sil\u0259 bil\u0259c\u0259yini ara\u015fd\u0131rd\u0131qlar\u0131 vur\u011fulan\u0131b.<\/p>\n<\/p><\/div>\n<p><script>\n        (function (d, s, id) {\n            var js, fjs = d.getElementsByTagName(s)[0];\n            if (d.getElementById(id)) return;\n            js = d.createElement(s);\n            js.id = id;\n            js.src = \"\/\/connect.facebook.net\/az_AZ\/sdk.js#xfbml=1&version=v2.7&appId=\";\n            fjs.parentNode.insertBefore(js, fjs);\n        }(document, 'script', 'facebook-jssdk'));\n    <\/script><\/p>\n","protected":false},"excerpt":{"rendered":"<p>Avropa \u0130ttifaq\u0131 (A\u0130) Rusiyadan almaz idxal\u0131na qada\u011fa da daxil olmaqla 12-ci sanksiya paketi \u00fc\u00e7\u00fcn haz\u0131rl\u0131qlar\u0131n apar\u0131ld\u0131\u011f\u0131n\u0131 bildirib. Millinews.az xarici K\u0130V-\u0259 istinad\u0259n x\u0259b\u0259r verir ki, bu bar\u0259d\u0259 Avropa Komissiyas\u0131n\u0131n r\u0259hb\u0259ri Ursula Fon der Lyayen bildirib. \u201cBiz haz\u0131rda 12-ci sanksiya paketinin haz\u0131rlanmas\u0131 prosesind\u0259yik v\u0259 bu m\u0259s\u0259l\u0259 il\u0259 ba\u011fl\u0131 \u00fczv d\u00f6vl\u0259tl\u0259rl\u0259 m\u0259sl\u0259h\u0259tl\u0259\u015fm\u0259l\u0259r apar\u0131r\u0131q\u201d, &#8211; dey\u0259 Lyayen bildirib. H\u0259m\u00e7inin, &hellip;<\/p>\n","protected":false},"author":1,"featured_media":4269,"comment_status":"open","ping_status":"closed","sticky":false,"template":"","format":"standard","meta":{"footnotes":""},"categories":[9],"tags":[],"class_list":["post-5758","post","type-post","status-publish","format-standard","has-post-thumbnail","hentry","category-xeber"],"_links":{"self":[{"href":"https:\/\/millitv.net\/index.php?rest_route=\/wp\/v2\/posts\/5758","targetHints":{"allow":["GET"]}}],"collection":[{"href":"https:\/\/millitv.net\/index.php?rest_route=\/wp\/v2\/posts"}],"about":[{"href":"https:\/\/millitv.net\/index.php?rest_route=\/wp\/v2\/types\/post"}],"author":[{"embeddable":true,"href":"https:\/\/millitv.net\/index.php?rest_route=\/wp\/v2\/users\/1"}],"replies":[{"embeddable":true,"href":"https:\/\/millitv.net\/index.php?rest_route=%2Fwp%2Fv2%2Fcomments&post=5758"}],"version-history":[{"count":0,"href":"https:\/\/millitv.net\/index.php?rest_route=\/wp\/v2\/posts\/5758\/revisions"}],"wp:featuredmedia":[{"embeddable":true,"href":"https:\/\/millitv.net\/index.php?rest_route=\/wp\/v2\/media\/4269"}],"wp:attachment":[{"href":"https:\/\/millitv.net\/index.php?rest_route=%2Fwp%2Fv2%2Fmedia&parent=5758"}],"wp:term":[{"taxonomy":"category","embeddable":true,"href":"https:\/\/millitv.net\/index.php?rest_route=%2Fwp%2Fv2%2Fcategories&post=5758"},{"taxonomy":"post_tag","embeddable":true,"href":"https:\/\/millitv.net\/index.php?rest_route=%2Fwp%2Fv2%2Ftags&post=5758"}],"curies":[{"name":"wp","href":"https:\/\/api.w.org\/{rel}","templated":true}]}}