{"id":5746,"date":"2023-10-27T16:06:12","date_gmt":"2023-10-27T16:06:12","guid":{"rendered":"https:\/\/millinews.az\/xeber\/ilham-eliyev-bee-prezidentin%C9%99-z%C9%99ng-etdi\/"},"modified":"2023-10-27T16:06:12","modified_gmt":"2023-10-27T16:06:12","slug":"ilham-eliyev-bee-prezidentin%C9%99-z%C9%99ng-etdi","status":"publish","type":"post","link":"https:\/\/millitv.net\/?p=5746","title":{"rendered":"\u0130lham \u018fliyev B\u018f\u018f prezidentin\u0259 z\u0259ng etdi"},"content":{"rendered":"<p><img decoding=\"async\" src=\"https:\/\/Millinews.az\/storage\/2023\/10\/27\/5d6f9d3a-f175-3257-a5c2-9c36ac345476_850.jpg\" alt=\"\" title=\"\"><\/p>\n<div id=\"mvp-content-main\">\n<p><strong>Az\u0259rbaycan Respublikas\u0131n\u0131n Prezidenti \u0130lham \u018fliyev oktyabr\u0131n 27-d\u0259 Birl\u0259\u015fmi\u015f \u018fr\u0259b \u018fmirlikl\u0259rinin (B\u018f\u018f) Prezidenti \u015eeyx M\u0259h\u0259mm\u0259d bin Zayed Al N\u0259hyana z\u0259ng edib.<\/strong><\/p>\n<p><strong><a target=\"_blank\" href=\"https:\/\/Millinews.az\" rel=\"noopener\">Millinews.az<\/a> <\/strong>x\u0259b\u0259r verir ki, bu bar\u0259d\u0259 Prezidentin M\u0259tbuat Xidm\u0259ti m\u0259lumat yay\u0131b.<\/p>\n<p>Telefon dan\u0131\u015f\u0131\u011f\u0131 \u0259snas\u0131nda Az\u0259rbaycan il\u0259 Birl\u0259\u015fmi\u015f \u018fr\u0259b \u018fmirlikl\u0259ri aras\u0131nda ikit\u0259r\u0259fli \u0259laq\u0259l\u0259r m\u00fczakir\u0259 edilib, xalqlar\u0131m\u0131z\u0131n m\u0259nafeyi namin\u0259 iki \u00f6lk\u0259 aras\u0131nda \u0259m\u0259kda\u015fl\u0131\u011f\u0131n m\u00fcxt\u0259lif sah\u0259l\u0259rd\u0259 inki\u015faf perspektivl\u0259rin\u0259 dair \u0259trafl\u0131 fikir m\u00fcbadil\u0259si apar\u0131l\u0131b. Bu x\u00fcsusda Az\u0259rbaycan il\u0259 Birl\u0259\u015fmi\u015f \u018fr\u0259b \u018fmirlikl\u0259ri aras\u0131nda investisiyalar, iqtisadi-ticari \u0259laq\u0259l\u0259rin geni\u015fl\u0259ndirilm\u0259si, b\u0259rpaolunan enerji, turizm v\u0259 dig\u0259r sah\u0259l\u0259rd\u0259 \u0259m\u0259kda\u015fl\u0131q m\u0259s\u0259l\u0259l\u0259ri m\u00fczakir\u0259 olunub.<\/p>\n<p>Prezident \u0130lham \u018fliyev \u00f6t\u0259n g\u00fcn a\u00e7\u0131l\u0131\u015f\u0131 olan Qarada\u011f G\u00fcn\u0259\u015f Elektrik Stansiyas\u0131n\u0131n Birl\u0259\u015fmi\u015f \u018fr\u0259b \u018fmirlikl\u0259rinin \u201cMasdar\u201d \u015firk\u0259ti t\u0259r\u0259find\u0259n Az\u0259rbaycanda in\u015fa olunmas\u0131n\u0131n \u00f6n\u0259mini qeyd edib. D\u00f6vl\u0259timizin ba\u015f\u00e7\u0131s\u0131 230 meqavat g\u00fcc\u00fcnd\u0259 olan Qarada\u011f G\u00fcn\u0259\u015f Elektrik Stansiyas\u0131n\u0131n regionda \u0259n b\u00f6y\u00fck g\u00fcn\u0259\u015f elektrik stansiyas\u0131 oldu\u011funu, Az\u0259rbaycanda xarici s\u0259rmay\u0259 il\u0259 tikil\u0259n ilk b\u0259rpaolunan enerji stansiyas\u0131 oldu\u011funu vur\u011fulay\u0131b. Prezident \u0130lham \u018fliyev Birl\u0259\u015fmi\u015f \u018fr\u0259b \u018fmirlikl\u0259rinin d\u00f6rd nazirinin v\u0259 geni\u015f t\u0259rkibd\u0259 n\u00fcmay\u0259nd\u0259 hey\u0259tinin bu t\u0259dbird\u0259 i\u015ftirak\u0131n\u0131n \u00f6lk\u0259l\u0259rimiz aras\u0131ndak\u0131 dostlu\u011fun v\u0259 t\u0259r\u0259fda\u015fl\u0131\u011f\u0131n n\u00fcmun\u0259si oldu\u011funu qeyd edib.<\/p>\n<p>Az\u0259rbaycan Prezidenti Birl\u0259\u015fmi\u015f \u018fr\u0259b \u018fmirlikl\u0259rinin Prezidentini \u00f6lk\u0259sinin BMT-nin \u0130qlim D\u0259yi\u015fikliyi Konfrans\u0131na \u2013 COP-28-\u0259 ev sahibliyi etm\u0259si m\u00fcnasib\u0259til\u0259 t\u0259brik edib, bunu Birl\u0259\u015fmi\u015f \u018fr\u0259b \u018fmirlikl\u0259rinin Davaml\u0131 \u0130nki\u015faf M\u0259qs\u0259dl\u0259rin\u0259 nail olunmas\u0131 v\u0259 \u0259traf m\u00fchitin qorunmas\u0131 il\u0259 ba\u011fl\u0131 qlobal s\u0259yl\u0259r\u0259 t\u00f6hf\u0259sinin n\u00fcmun\u0259si kimi d\u0259y\u0259rl\u0259ndirib.<\/p>\n<p>D\u00f6vl\u0259t ba\u015f\u00e7\u0131lar\u0131 iki \u00f6lk\u0259 aras\u0131nda, el\u0259c\u0259 d\u0259 beyn\u0259lxalq t\u0259\u015fkilatlar, o c\u00fcml\u0259d\u0259n BMT, \u0130slam \u018fm\u0259kda\u015fl\u0131q T\u0259\u015fkilat\u0131, Qo\u015fulmama H\u0259r\u0259kat\u0131 v\u0259 dig\u0259r t\u0259sisatlar \u00e7\u0259r\u00e7iv\u0259sind\u0259 \u0259m\u0259kda\u015fl\u0131q m\u0259s\u0259l\u0259l\u0259rini m\u00fczakir\u0259 edibl\u0259r.<\/p>\n<\/p><\/div>\n<p><script>\n        (function (d, s, id) {\n            var js, fjs = d.getElementsByTagName(s)[0];\n            if (d.getElementById(id)) return;\n            js = d.createElement(s);\n            js.id = id;\n            js.src = \"\/\/connect.facebook.net\/az_AZ\/sdk.js#xfbml=1&version=v2.7&appId=\";\n            fjs.parentNode.insertBefore(js, fjs);\n        }(document, 'script', 'facebook-jssdk'));\n    <\/script><\/p>\n","protected":false},"excerpt":{"rendered":"<p>Az\u0259rbaycan Respublikas\u0131n\u0131n Prezidenti \u0130lham \u018fliyev oktyabr\u0131n 27-d\u0259 Birl\u0259\u015fmi\u015f \u018fr\u0259b \u018fmirlikl\u0259rinin (B\u018f\u018f) Prezidenti \u015eeyx M\u0259h\u0259mm\u0259d bin Zayed Al N\u0259hyana z\u0259ng edib. Millinews.az x\u0259b\u0259r verir ki, bu bar\u0259d\u0259 Prezidentin M\u0259tbuat Xidm\u0259ti m\u0259lumat yay\u0131b. Telefon dan\u0131\u015f\u0131\u011f\u0131 \u0259snas\u0131nda Az\u0259rbaycan il\u0259 Birl\u0259\u015fmi\u015f \u018fr\u0259b \u018fmirlikl\u0259ri aras\u0131nda ikit\u0259r\u0259fli \u0259laq\u0259l\u0259r m\u00fczakir\u0259 edilib, xalqlar\u0131m\u0131z\u0131n m\u0259nafeyi namin\u0259 iki \u00f6lk\u0259 aras\u0131nda \u0259m\u0259kda\u015fl\u0131\u011f\u0131n m\u00fcxt\u0259lif sah\u0259l\u0259rd\u0259 inki\u015faf perspektivl\u0259rin\u0259 &hellip;<\/p>\n","protected":false},"author":1,"featured_media":5747,"comment_status":"open","ping_status":"closed","sticky":false,"template":"","format":"standard","meta":{"footnotes":""},"categories":[9],"tags":[],"class_list":["post-5746","post","type-post","status-publish","format-standard","has-post-thumbnail","hentry","category-xeber"],"_links":{"self":[{"href":"https:\/\/millitv.net\/index.php?rest_route=\/wp\/v2\/posts\/5746","targetHints":{"allow":["GET"]}}],"collection":[{"href":"https:\/\/millitv.net\/index.php?rest_route=\/wp\/v2\/posts"}],"about":[{"href":"https:\/\/millitv.net\/index.php?rest_route=\/wp\/v2\/types\/post"}],"author":[{"embeddable":true,"href":"https:\/\/millitv.net\/index.php?rest_route=\/wp\/v2\/users\/1"}],"replies":[{"embeddable":true,"href":"https:\/\/millitv.net\/index.php?rest_route=%2Fwp%2Fv2%2Fcomments&post=5746"}],"version-history":[{"count":0,"href":"https:\/\/millitv.net\/index.php?rest_route=\/wp\/v2\/posts\/5746\/revisions"}],"wp:featuredmedia":[{"embeddable":true,"href":"https:\/\/millitv.net\/index.php?rest_route=\/wp\/v2\/media\/5747"}],"wp:attachment":[{"href":"https:\/\/millitv.net\/index.php?rest_route=%2Fwp%2Fv2%2Fmedia&parent=5746"}],"wp:term":[{"taxonomy":"category","embeddable":true,"href":"https:\/\/millitv.net\/index.php?rest_route=%2Fwp%2Fv2%2Fcategories&post=5746"},{"taxonomy":"post_tag","embeddable":true,"href":"https:\/\/millitv.net\/index.php?rest_route=%2Fwp%2Fv2%2Ftags&post=5746"}],"curies":[{"name":"wp","href":"https:\/\/api.w.org\/{rel}","templated":true}]}}