{"id":5742,"date":"2023-10-27T15:54:50","date_gmt":"2023-10-27T15:54:50","guid":{"rendered":"https:\/\/millinews.az\/xeber\/xocali-v%C9%99-t%C9%99rt%C9%99r%C9%99-komendant-teyin-edildi\/"},"modified":"2023-10-27T15:54:50","modified_gmt":"2023-10-27T15:54:50","slug":"xocali-v%C9%99-t%C9%99rt%C9%99r%C9%99-komendant-teyin-edildi","status":"publish","type":"post","link":"https:\/\/millitv.net\/?p=5742","title":{"rendered":"Xocal\u0131 v\u0259 T\u0259rt\u0259r\u0259 komendant T\u018fY\u0130N ED\u0130LD\u0130"},"content":{"rendered":"<p><img decoding=\"async\" src=\"https:\/\/Millinews.az\/storage\/2023\/10\/27\/pkl.jpg\" alt=\"\" title=\"\"><\/p>\n<div id=\"mvp-content-main\">\n<p><strong>Xank\u0259ndid\u0259n sonra Xocal\u0131 v\u0259 T\u0259rt\u0259r\u0259 d\u0259 m\u00fcv\u0259qq\u0259ti komendantlar t\u0259yin edilib.<\/strong><\/p>\n<p><strong><a target=\"_blank\" href=\"https:\/\/Millinews.az\" rel=\"noopener\">Millinews.az<\/a> <\/strong>\u201cQafqazinfo\u201dya istinad\u0259n x\u0259b\u0259r verir ki, polis polkovniki El\u00e7in Qas\u0131mov T\u0259rt\u0259r\u0259, polkovnik Zaur N\u0259biyev is\u0259 Xocal\u0131ya komendant t\u0259yin olunub.<\/p>\n<p>Zaur N\u0259biyev 2020-ci ild\u0259 Xocal\u0131n\u0131n polis r\u0259isi t\u0259yin edilmi\u015fdi. El\u00e7in Qas\u0131mov is\u0259 2018-ci ild\u0259n T\u0259rt\u0259rd\u0259 eyni v\u0259zif\u0259ni yerin\u0259 yetirirdi.<\/p>\n<p>Qeyd ed\u0259k ki, daha \u00f6nc\u0259 polis general-mayoru S\u0259rdar S\u0259f\u0259rov Xank\u0259ndi \u015f\u0259h\u0259rin\u0259 komendant t\u0259yin edilib.<\/p>\n<\/p><\/div>\n<p><script>\n        (function (d, s, id) {\n            var js, fjs = d.getElementsByTagName(s)[0];\n            if (d.getElementById(id)) return;\n            js = d.createElement(s);\n            js.id = id;\n            js.src = \"\/\/connect.facebook.net\/az_AZ\/sdk.js#xfbml=1&version=v2.7&appId=\";\n            fjs.parentNode.insertBefore(js, fjs);\n        }(document, 'script', 'facebook-jssdk'));\n    <\/script><\/p>\n","protected":false},"excerpt":{"rendered":"<p>Xank\u0259ndid\u0259n sonra Xocal\u0131 v\u0259 T\u0259rt\u0259r\u0259 d\u0259 m\u00fcv\u0259qq\u0259ti komendantlar t\u0259yin edilib. Millinews.az \u201cQafqazinfo\u201dya istinad\u0259n x\u0259b\u0259r verir ki, polis polkovniki El\u00e7in Qas\u0131mov T\u0259rt\u0259r\u0259, polkovnik Zaur N\u0259biyev is\u0259 Xocal\u0131ya komendant t\u0259yin olunub. Zaur N\u0259biyev 2020-ci ild\u0259 Xocal\u0131n\u0131n polis r\u0259isi t\u0259yin edilmi\u015fdi. El\u00e7in Qas\u0131mov is\u0259 2018-ci ild\u0259n T\u0259rt\u0259rd\u0259 eyni v\u0259zif\u0259ni yerin\u0259 yetirirdi. Qeyd ed\u0259k ki, daha \u00f6nc\u0259 polis general-mayoru &hellip;<\/p>\n","protected":false},"author":1,"featured_media":5743,"comment_status":"open","ping_status":"closed","sticky":false,"template":"","format":"standard","meta":{"footnotes":""},"categories":[9],"tags":[],"class_list":["post-5742","post","type-post","status-publish","format-standard","has-post-thumbnail","hentry","category-xeber"],"_links":{"self":[{"href":"https:\/\/millitv.net\/index.php?rest_route=\/wp\/v2\/posts\/5742","targetHints":{"allow":["GET"]}}],"collection":[{"href":"https:\/\/millitv.net\/index.php?rest_route=\/wp\/v2\/posts"}],"about":[{"href":"https:\/\/millitv.net\/index.php?rest_route=\/wp\/v2\/types\/post"}],"author":[{"embeddable":true,"href":"https:\/\/millitv.net\/index.php?rest_route=\/wp\/v2\/users\/1"}],"replies":[{"embeddable":true,"href":"https:\/\/millitv.net\/index.php?rest_route=%2Fwp%2Fv2%2Fcomments&post=5742"}],"version-history":[{"count":0,"href":"https:\/\/millitv.net\/index.php?rest_route=\/wp\/v2\/posts\/5742\/revisions"}],"wp:featuredmedia":[{"embeddable":true,"href":"https:\/\/millitv.net\/index.php?rest_route=\/wp\/v2\/media\/5743"}],"wp:attachment":[{"href":"https:\/\/millitv.net\/index.php?rest_route=%2Fwp%2Fv2%2Fmedia&parent=5742"}],"wp:term":[{"taxonomy":"category","embeddable":true,"href":"https:\/\/millitv.net\/index.php?rest_route=%2Fwp%2Fv2%2Fcategories&post=5742"},{"taxonomy":"post_tag","embeddable":true,"href":"https:\/\/millitv.net\/index.php?rest_route=%2Fwp%2Fv2%2Ftags&post=5742"}],"curies":[{"name":"wp","href":"https:\/\/api.w.org\/{rel}","templated":true}]}}