{"id":5738,"date":"2023-10-27T15:37:51","date_gmt":"2023-10-27T15:37:51","guid":{"rendered":"https:\/\/millinews.az\/xeber\/az%C9%99rbaycan-iraq-%C9%99m%C9%99kdasligi-muzakir%C9%99-olundu-foto\/"},"modified":"2023-10-27T15:37:51","modified_gmt":"2023-10-27T15:37:51","slug":"az%C9%99rbaycan-iraq-%C9%99m%C9%99kdasligi-muzakir%C9%99-olundu-foto","status":"publish","type":"post","link":"https:\/\/millitv.net\/?p=5738","title":{"rendered":"Az\u0259rbaycan-\u0130raq \u0259m\u0259kda\u015fl\u0131\u011f\u0131 m\u00fczakir\u0259 olundu &#8211; FOTO"},"content":{"rendered":"<p><img decoding=\"async\" src=\"https:\/\/Millinews.az\/storage\/2023\/10\/27\/bd463544-97d2-31c2-9273-1781e3c503f7_850.jpg\" alt=\"\" title=\"\"><\/p>\n<div id=\"mvp-content-main\">\n<p><strong>Oktyabr\u0131n 27-d\u0259 xarici i\u015fl\u0259r naziri Ceyhun Bayramov \u0130raq Respublikas\u0131 N\u00fcmay\u0259nd\u0259l\u0259r \u015euras\u0131n\u0131n (Parlament) \u00fczv\u00fc El\u015fad Salihinin r\u0259hb\u0259rlik etdiyi n\u00fcmay\u0259nd\u0259 hey\u0259tini q\u0259bul edib.<\/strong><\/p>\n<p>Bu bar\u0259d\u0259 <strong><a target=\"_blank\" href=\"https:\/\/Millinews.az\" rel=\"noopener\">Millinews.az<\/a><\/strong>-a Xarici \u0130\u015fl\u0259r Nazirliyind\u0259n m\u0259lumat verilib.<\/p>\n<p>Bildirilib ki, g\u00f6r\u00fc\u015f zaman\u0131 Az\u0259rbaycan-\u0130raq m\u00fcnasib\u0259tl\u0259rind\u0259 son zamanlar artan dinamizm, bu x\u00fcsusda, cari ilin mart v\u0259 iyul aylar\u0131nda m\u00fcvafiq olaraq, \u0130raq Prezidenti v\u0259 xarici i\u015fl\u0259r nazirinin Az\u0259rbaycana s\u0259f\u0259rl\u0259ri v\u0259 bu s\u0259f\u0259rl\u0259r \u00e7\u0259r\u00e7iv\u0259sind\u0259 ba\u015f tutan ali v\u0259 y\u00fcks\u0259k s\u0259viyy\u0259li g\u00f6r\u00fc\u015fl\u0259r m\u0259mnunluqla xat\u0131rlan\u0131b.<\/p>\n<p>Az\u0259rbaycan il\u0259 \u0130raq aras\u0131nda m\u00f6vcud siyasi dialoqun, iqtisadi-ticar\u0259t \u0259laq\u0259l\u0259rinin, parlamentl\u0259raras\u0131 v\u0259 regionlararas\u0131 \u0259m\u0259kda\u015fl\u0131\u011f\u0131n v\u0259 m\u0259d\u0259ni m\u00fcbadil\u0259l\u0259rin davaml\u0131 \u015f\u0259kild\u0259 s\u00fcrd\u00fcr\u00fclm\u0259sinin \u00f6n\u0259mind\u0259n b\u0259hs olunub.<\/p>\n<p>H\u0259r iki \u00f6lk\u0259d\u0259ki m\u00f6vcud diplomatik t\u0259msil\u00e7ilikl\u0259rd\u0259n \u0259lav\u0259, m\u0259d\u0259niyy\u0259t m\u0259rk\u0259zl\u0259ri vasit\u0259sil\u0259 humanitar m\u00fcbadil\u0259l\u0259rin t\u0259\u015fviqinin xalqlar\u0131m\u0131z\u0131n bir-birin\u0259 daha da yax\u0131nla\u015fmas\u0131na t\u00f6hf\u0259 ver\u0259 bil\u0259c\u0259yi qeyd olunub.<\/p>\n<p>G\u00f6r\u00fc\u015f zaman\u0131 h\u0259m\u00e7inin, qar\u015f\u0131l\u0131ql\u0131 maraq do\u011furan dig\u0259r ikit\u0259r\u0259fli v\u0259 regional m\u0259s\u0259l\u0259l\u0259r \u0259traf\u0131nda fikir m\u00fcbadil\u0259si apar\u0131l\u0131b.<\/p>\n<\/p><\/div>\n<p><script>\n        (function (d, s, id) {\n            var js, fjs = d.getElementsByTagName(s)[0];\n            if (d.getElementById(id)) return;\n            js = d.createElement(s);\n            js.id = id;\n            js.src = \"\/\/connect.facebook.net\/az_AZ\/sdk.js#xfbml=1&version=v2.7&appId=\";\n            fjs.parentNode.insertBefore(js, fjs);\n        }(document, 'script', 'facebook-jssdk'));\n    <\/script><\/p>\n","protected":false},"excerpt":{"rendered":"<p>Oktyabr\u0131n 27-d\u0259 xarici i\u015fl\u0259r naziri Ceyhun Bayramov \u0130raq Respublikas\u0131 N\u00fcmay\u0259nd\u0259l\u0259r \u015euras\u0131n\u0131n (Parlament) \u00fczv\u00fc El\u015fad Salihinin r\u0259hb\u0259rlik etdiyi n\u00fcmay\u0259nd\u0259 hey\u0259tini q\u0259bul edib. Bu bar\u0259d\u0259 Millinews.az-a Xarici \u0130\u015fl\u0259r Nazirliyind\u0259n m\u0259lumat verilib. Bildirilib ki, g\u00f6r\u00fc\u015f zaman\u0131 Az\u0259rbaycan-\u0130raq m\u00fcnasib\u0259tl\u0259rind\u0259 son zamanlar artan dinamizm, bu x\u00fcsusda, cari ilin mart v\u0259 iyul aylar\u0131nda m\u00fcvafiq olaraq, \u0130raq Prezidenti v\u0259 xarici i\u015fl\u0259r nazirinin &hellip;<\/p>\n","protected":false},"author":1,"featured_media":5739,"comment_status":"open","ping_status":"closed","sticky":false,"template":"","format":"standard","meta":{"footnotes":""},"categories":[9],"tags":[],"class_list":["post-5738","post","type-post","status-publish","format-standard","has-post-thumbnail","hentry","category-xeber"],"_links":{"self":[{"href":"https:\/\/millitv.net\/index.php?rest_route=\/wp\/v2\/posts\/5738","targetHints":{"allow":["GET"]}}],"collection":[{"href":"https:\/\/millitv.net\/index.php?rest_route=\/wp\/v2\/posts"}],"about":[{"href":"https:\/\/millitv.net\/index.php?rest_route=\/wp\/v2\/types\/post"}],"author":[{"embeddable":true,"href":"https:\/\/millitv.net\/index.php?rest_route=\/wp\/v2\/users\/1"}],"replies":[{"embeddable":true,"href":"https:\/\/millitv.net\/index.php?rest_route=%2Fwp%2Fv2%2Fcomments&post=5738"}],"version-history":[{"count":0,"href":"https:\/\/millitv.net\/index.php?rest_route=\/wp\/v2\/posts\/5738\/revisions"}],"wp:featuredmedia":[{"embeddable":true,"href":"https:\/\/millitv.net\/index.php?rest_route=\/wp\/v2\/media\/5739"}],"wp:attachment":[{"href":"https:\/\/millitv.net\/index.php?rest_route=%2Fwp%2Fv2%2Fmedia&parent=5738"}],"wp:term":[{"taxonomy":"category","embeddable":true,"href":"https:\/\/millitv.net\/index.php?rest_route=%2Fwp%2Fv2%2Fcategories&post=5738"},{"taxonomy":"post_tag","embeddable":true,"href":"https:\/\/millitv.net\/index.php?rest_route=%2Fwp%2Fv2%2Ftags&post=5738"}],"curies":[{"name":"wp","href":"https:\/\/api.w.org\/{rel}","templated":true}]}}