{"id":5730,"date":"2023-10-27T15:10:34","date_gmt":"2023-10-27T15:10:34","guid":{"rendered":"https:\/\/millinews.az\/xeber\/bu-il-26-778-cinay%C9%99t-fakti-qeyd%C9%99-alinib\/"},"modified":"2023-10-27T15:10:34","modified_gmt":"2023-10-27T15:10:34","slug":"bu-il-26-778-cinay%C9%99t-fakti-qeyd%C9%99-alinib","status":"publish","type":"post","link":"https:\/\/millitv.net\/?p=5730","title":{"rendered":"Bu il 26 778 cinay\u0259t fakt\u0131 qeyd\u0259 al\u0131n\u0131b"},"content":{"rendered":"<p><img decoding=\"async\" src=\"https:\/\/Millinews.az\/storage\/2018\/08\/07\/mehkeme-qandal.jpg\" alt=\"\" title=\"\"><\/p>\n<div id=\"mvp-content-main\">\n<p><strong>Daxili i\u015fl\u0259r orqanlar\u0131 v\u0259 Daxili Qo\u015funlar qanunla m\u00fc\u0259yy\u0259n edilmi\u015f v\u0259zif\u0259l\u0259ri cari ilin 9 ay\u0131nda da layiqinc\u0259 yerin\u0259 yetirib.<\/strong><\/p>\n<p><strong><a target=\"_blank\" href=\"https:\/\/Millinews.az\" rel=\"noopener\">Millinews.az<\/a> <\/strong>x\u0259b\u0259r verir ki, bunu Daxili i\u015fl\u0259r naziri Vilay\u0259t Eyvazov bu ilin 9 ay\u0131 il\u0259 ba\u011fl\u0131 ke\u00e7iril\u0259n kollegiya iclas\u0131nda deyib.<\/p>\n<p>O bildirib ki, \u00fcmumi cinay\u0259tl\u0259rin a\u00e7\u0131lmas\u0131 86,8 faiz t\u0259\u015fkil edib, Daxili \u0130\u015fl\u0259r Nazirliyi v\u0259 prokurorluq \u00fczr\u0259 qeyd\u0259 al\u0131nm\u0131\u015f 26.778 cinay\u0259tin 88,6 faizi a\u00e7\u0131l\u0131b.<\/p>\n<p>Ba\u015f Prokurorluqla birg\u0259 g\u00f6r\u00fclm\u00fc\u015f t\u0259dbirl\u0259rl\u0259 ke\u00e7mi\u015f ill\u0259rd\u0259n ba\u011fl\u0131 qalm\u0131\u015f 336, o c\u00fcml\u0259d\u0259n bir ne\u00e7\u0259 x\u00fcsusil\u0259 a\u011f\u0131r cinay\u0259tin a\u00e7\u0131lmas\u0131 t\u0259min edilib.<\/p>\n<\/p><\/div>\n<p><script>\n        (function (d, s, id) {\n            var js, fjs = d.getElementsByTagName(s)[0];\n            if (d.getElementById(id)) return;\n            js = d.createElement(s);\n            js.id = id;\n            js.src = \"\/\/connect.facebook.net\/az_AZ\/sdk.js#xfbml=1&version=v2.7&appId=\";\n            fjs.parentNode.insertBefore(js, fjs);\n        }(document, 'script', 'facebook-jssdk'));\n    <\/script><\/p>\n","protected":false},"excerpt":{"rendered":"<p>Daxili i\u015fl\u0259r orqanlar\u0131 v\u0259 Daxili Qo\u015funlar qanunla m\u00fc\u0259yy\u0259n edilmi\u015f v\u0259zif\u0259l\u0259ri cari ilin 9 ay\u0131nda da layiqinc\u0259 yerin\u0259 yetirib. Millinews.az x\u0259b\u0259r verir ki, bunu Daxili i\u015fl\u0259r naziri Vilay\u0259t Eyvazov bu ilin 9 ay\u0131 il\u0259 ba\u011fl\u0131 ke\u00e7iril\u0259n kollegiya iclas\u0131nda deyib. O bildirib ki, \u00fcmumi cinay\u0259tl\u0259rin a\u00e7\u0131lmas\u0131 86,8 faiz t\u0259\u015fkil edib, Daxili \u0130\u015fl\u0259r Nazirliyi v\u0259 prokurorluq \u00fczr\u0259 qeyd\u0259 &hellip;<\/p>\n","protected":false},"author":1,"featured_media":5731,"comment_status":"open","ping_status":"closed","sticky":false,"template":"","format":"standard","meta":{"footnotes":""},"categories":[9],"tags":[],"class_list":["post-5730","post","type-post","status-publish","format-standard","has-post-thumbnail","hentry","category-xeber"],"_links":{"self":[{"href":"https:\/\/millitv.net\/index.php?rest_route=\/wp\/v2\/posts\/5730","targetHints":{"allow":["GET"]}}],"collection":[{"href":"https:\/\/millitv.net\/index.php?rest_route=\/wp\/v2\/posts"}],"about":[{"href":"https:\/\/millitv.net\/index.php?rest_route=\/wp\/v2\/types\/post"}],"author":[{"embeddable":true,"href":"https:\/\/millitv.net\/index.php?rest_route=\/wp\/v2\/users\/1"}],"replies":[{"embeddable":true,"href":"https:\/\/millitv.net\/index.php?rest_route=%2Fwp%2Fv2%2Fcomments&post=5730"}],"version-history":[{"count":0,"href":"https:\/\/millitv.net\/index.php?rest_route=\/wp\/v2\/posts\/5730\/revisions"}],"wp:featuredmedia":[{"embeddable":true,"href":"https:\/\/millitv.net\/index.php?rest_route=\/wp\/v2\/media\/5731"}],"wp:attachment":[{"href":"https:\/\/millitv.net\/index.php?rest_route=%2Fwp%2Fv2%2Fmedia&parent=5730"}],"wp:term":[{"taxonomy":"category","embeddable":true,"href":"https:\/\/millitv.net\/index.php?rest_route=%2Fwp%2Fv2%2Fcategories&post=5730"},{"taxonomy":"post_tag","embeddable":true,"href":"https:\/\/millitv.net\/index.php?rest_route=%2Fwp%2Fv2%2Ftags&post=5730"}],"curies":[{"name":"wp","href":"https:\/\/api.w.org\/{rel}","templated":true}]}}