{"id":5726,"date":"2023-10-27T14:57:32","date_gmt":"2023-10-27T14:57:32","guid":{"rendered":"https:\/\/millinews.az\/xeber\/qazaxistanin-prezidenti-hikm%C9%99t-haciyevi-teltif-etdi\/"},"modified":"2023-10-27T14:57:32","modified_gmt":"2023-10-27T14:57:32","slug":"qazaxistanin-prezidenti-hikm%C9%99t-haciyevi-teltif-etdi","status":"publish","type":"post","link":"https:\/\/millitv.net\/?p=5726","title":{"rendered":"Qazax\u0131stan\u0131n Prezidenti Hikm\u0259t Hac\u0131yevi T\u018fLT\u0130F ETD\u0130"},"content":{"rendered":"<p><img decoding=\"async\" src=\"https:\/\/Millinews.az\/storage\/2023\/10\/27\/1643741448hikmethaci-1.jpg\" alt=\"\" title=\"\"><\/p>\n<div id=\"mvp-content-main\">\n<p><strong>Qazax\u0131stan\u0131n Prezidenti Kas\u0131m-Jomart Tokayev Az\u0259rbaycan Prezidentinin Xarici Siyas\u0259t M\u0259s\u0259l\u0259l\u0259ri \u00fczr\u0259 K\u00f6m\u0259k\u00e7isi Hikm\u0259t Hac\u0131yevi II-ci d\u0259r\u0259c\u0259li \u201cDost\u0131k\u201d (Dostluq) ordeni il\u0259 t\u0259ltif edib.<\/strong><\/p>\n<p><strong><a target=\"_blank\" href=\"https:\/\/Millinews.az\" rel=\"noopener\">Millinews.az<\/a> <\/strong>x\u0259b\u0259r verir ki, y\u00fcks\u0259k m\u00fckafat\u0131 H.Hac\u0131yev\u0259 Prezident K.Tokayevin ad\u0131ndan v\u0259 tap\u015f\u0131r\u0131\u011f\u0131na \u0259sas\u0259n, Qazax\u0131stan\u0131n Az\u0259rbaycandak\u0131 s\u0259firi Alim Bayel t\u0259qdim edib.<\/p>\n<p>Diplomat bildirib ki, H.Hac\u0131yev Qazax\u0131stan Respublikas\u0131 il\u0259 Az\u0259rbaycan Respublikas\u0131 aras\u0131nda mehriban qon\u015fuluq \u0259laq\u0259l\u0259rinin inki\u015faf\u0131na, iki \u00f6lk\u0259 aras\u0131nda strateji v\u0259 m\u00fctt\u0259fiqlik m\u00fcnasib\u0259tl\u0259rinin m\u00f6hk\u0259ml\u0259nm\u0259sin\u0259 verdiyi t\u00f6hf\u0259l\u0259r\u0259 g\u00f6r\u0259 ordenl\u0259 m\u00fckafatland\u0131r\u0131l\u0131b.<\/p>\n<p>\u00d6z n\u00f6vb\u0259sind\u0259, H.Hac\u0131yev onun f\u0259aliyy\u0259tin\u0259 veril\u0259n y\u00fcks\u0259k qiym\u0259t\u0259 g\u00f6r\u0259 Qazax\u0131stan r\u0259hb\u0259rliyin\u0259 t\u0259\u015f\u0259kk\u00fcr\u00fcn\u00fc bildirib v\u0259 h\u0259rt\u0259f\u0259li strateji \u0259m\u0259kda\u015fl\u0131\u011f\u0131n inki\u015faf\u0131na \u0259lind\u0259n g\u0259l\u0259n t\u00f6hf\u0259l\u0259ri verm\u0259y\u0259 davam ed\u0259c\u0259yini vur\u011fulay\u0131b.<\/p>\n<p>G\u00f6r\u00fc\u015f zaman\u0131 noyabrda Astanada ba\u015f tutacaq T\u00fcrk D\u00f6vl\u0259tl\u0259ri T\u0259\u015fkilat\u0131n\u0131n v\u0259 Bak\u0131da ke\u00e7iril\u0259c\u0259k SPECA-n\u0131n Zirv\u0259 G\u00f6r\u00fc\u015fl\u0259rinin \u00f6n\u0259mi qeyd olunub.<\/p>\n<p>Qeyd ed\u0259k ki, Qazax\u0131stan Respublikas\u0131n\u0131n \u201cDost\u0131k\u201d ordeni il\u0259 c\u0259miyy\u0259td\u0259 bar\u0131\u015f\u0131n qorunmas\u0131nda s\u0259m\u0259r\u0259li f\u0259aliyy\u0259t g\u00f6st\u0259r\u0259n, xalqlar aras\u0131nda s\u00fclh\u00fcn, dostlu\u011fun v\u0259 \u0259m\u0259kda\u015fl\u0131\u011f\u0131n m\u00f6hk\u0259ml\u0259ndirilm\u0259sind\u0259 t\u00f6hf\u0259 ver\u0259n v\u0259t\u0259nda\u015flar t\u0259ltif olunur. Bel\u0259 ki, I-ci d\u0259r\u0259c\u0259li \u201cDost\u0131k\u201d ordeni ke\u00e7\u0259n il Qazax\u0131stan Prezidenti K.Tokayev t\u0259r\u0259find\u0259n T\u00fcrkiy\u0259 Prezidenti R\u0259c\u0259b Tayyib \u018frdo\u011fana verilib.<\/p>\n<p>2022-ci ild\u0259 Az\u0259rbaycan Prezidenti \u0130lham \u018fliyev Qazax\u0131stan Respublikas\u0131n\u0131n Ali M\u00fckafat\u0131 \u2013 \u201cAlt\u0131n K\u0131ran\u201d (Q\u0131z\u0131l Qartal) ordeni il\u0259 t\u0259ltif olunub.<\/p>\n<\/p><\/div>\n<p><script>\n        (function (d, s, id) {\n            var js, fjs = d.getElementsByTagName(s)[0];\n            if (d.getElementById(id)) return;\n            js = d.createElement(s);\n            js.id = id;\n            js.src = \"\/\/connect.facebook.net\/az_AZ\/sdk.js#xfbml=1&version=v2.7&appId=\";\n            fjs.parentNode.insertBefore(js, fjs);\n        }(document, 'script', 'facebook-jssdk'));\n    <\/script><\/p>\n","protected":false},"excerpt":{"rendered":"<p>Qazax\u0131stan\u0131n Prezidenti Kas\u0131m-Jomart Tokayev Az\u0259rbaycan Prezidentinin Xarici Siyas\u0259t M\u0259s\u0259l\u0259l\u0259ri \u00fczr\u0259 K\u00f6m\u0259k\u00e7isi Hikm\u0259t Hac\u0131yevi II-ci d\u0259r\u0259c\u0259li \u201cDost\u0131k\u201d (Dostluq) ordeni il\u0259 t\u0259ltif edib. Millinews.az x\u0259b\u0259r verir ki, y\u00fcks\u0259k m\u00fckafat\u0131 H.Hac\u0131yev\u0259 Prezident K.Tokayevin ad\u0131ndan v\u0259 tap\u015f\u0131r\u0131\u011f\u0131na \u0259sas\u0259n, Qazax\u0131stan\u0131n Az\u0259rbaycandak\u0131 s\u0259firi Alim Bayel t\u0259qdim edib. Diplomat bildirib ki, H.Hac\u0131yev Qazax\u0131stan Respublikas\u0131 il\u0259 Az\u0259rbaycan Respublikas\u0131 aras\u0131nda mehriban qon\u015fuluq \u0259laq\u0259l\u0259rinin inki\u015faf\u0131na, &hellip;<\/p>\n","protected":false},"author":1,"featured_media":5727,"comment_status":"open","ping_status":"closed","sticky":false,"template":"","format":"standard","meta":{"footnotes":""},"categories":[9],"tags":[],"class_list":["post-5726","post","type-post","status-publish","format-standard","has-post-thumbnail","hentry","category-xeber"],"_links":{"self":[{"href":"https:\/\/millitv.net\/index.php?rest_route=\/wp\/v2\/posts\/5726","targetHints":{"allow":["GET"]}}],"collection":[{"href":"https:\/\/millitv.net\/index.php?rest_route=\/wp\/v2\/posts"}],"about":[{"href":"https:\/\/millitv.net\/index.php?rest_route=\/wp\/v2\/types\/post"}],"author":[{"embeddable":true,"href":"https:\/\/millitv.net\/index.php?rest_route=\/wp\/v2\/users\/1"}],"replies":[{"embeddable":true,"href":"https:\/\/millitv.net\/index.php?rest_route=%2Fwp%2Fv2%2Fcomments&post=5726"}],"version-history":[{"count":0,"href":"https:\/\/millitv.net\/index.php?rest_route=\/wp\/v2\/posts\/5726\/revisions"}],"wp:featuredmedia":[{"embeddable":true,"href":"https:\/\/millitv.net\/index.php?rest_route=\/wp\/v2\/media\/5727"}],"wp:attachment":[{"href":"https:\/\/millitv.net\/index.php?rest_route=%2Fwp%2Fv2%2Fmedia&parent=5726"}],"wp:term":[{"taxonomy":"category","embeddable":true,"href":"https:\/\/millitv.net\/index.php?rest_route=%2Fwp%2Fv2%2Fcategories&post=5726"},{"taxonomy":"post_tag","embeddable":true,"href":"https:\/\/millitv.net\/index.php?rest_route=%2Fwp%2Fv2%2Ftags&post=5726"}],"curies":[{"name":"wp","href":"https:\/\/api.w.org\/{rel}","templated":true}]}}