{"id":5723,"date":"2023-10-27T14:43:53","date_gmt":"2023-10-27T14:43:53","guid":{"rendered":"https:\/\/millinews.az\/xeber\/deputat-m%C9%99nc%C9%99-pasinyan-pis-adam-deyil\/"},"modified":"2023-10-27T14:43:53","modified_gmt":"2023-10-27T14:43:53","slug":"deputat-m%C9%99nc%C9%99-pasinyan-pis-adam-deyil","status":"publish","type":"post","link":"https:\/\/millitv.net\/?p=5723","title":{"rendered":"Deputat: &#8220;M\u0259nc\u0259, Pa\u015finyan pis adam deyil&#8221;"},"content":{"rendered":"<div id=\"maincontent\">&#13;<br \/>\n        &#13;<\/p>\n<p><strong>Deputat Razi Nurullayev G\u00fcrc\u00fcstanda Az\u0259rbaycan v\u0259 Erm\u0259nistan ba\u015f nazirl\u0259rinin  i\u015ftirak\u0131  il\u0259  ba\u015f tutan g\u00f6r\u00fc\u015fd\u0259n foto payal\u015f\u0131b. <\/strong><\/p>\n<p><a href=\"https:\/\/Millinews.az\" target=\"_blank\" class=\"kw-link\" rel=\"noopener\">Millinews.az<\/a> x\u0259b\u0259r verir ki, o,  feysbukda payla\u015fd\u0131\u011f\u0131  fotoya bu s\u00f6zl\u0259ri  yaz\u0131b: &#8220;Bu foto da \u00e7ox xo\u015fuma g\u0259lir. \u00dcr\u0259yimd\u0259n ke\u00e7\u0259n fotodur. M\u0259nc\u0259, Nikol Pa\u015finyan pis adam deyil&#8221;.  &#13;\n<\/p>\n<p>Qeyd ed\u0259k ki, d\u00fcn\u0259n Tbilisid\u0259  Az\u0259rbaycan v\u0259 Erm\u0259nistan ba\u015f nazirl\u0259ri  aras\u0131nda g\u00f6r\u00fc\u015f ba\u015f tutub.<\/p>\n<p><iframe loading=\"lazy\" src=\"https:\/\/www.facebook.com\/plugins\/post.php?href=https%3A%2F%2Fwww.facebook.com%2Frazi.nurullayev%2Fposts%2F10161764752712845&amp;show_text=true&amp;width=500\" width=\"500\" height=\"425\" style=\"border:none;overflow:hidden\" scrolling=\"no\" frameborder=\"0\" allowfullscreen=\"true\" allow=\"autoplay; clipboard-write; encrypted-media; picture-in-picture; web-share\"><\/iframe><br \/>&#13;<br \/>\n        &#13;<br \/>\n&#13;<br \/>\n        &#13;<br \/>\n&#13;\n        <\/p>\n<p><noscript><\/p>\n<p>You must enable Javascript on your browser for the site to work optimally and display sections completely.<\/p>\n<p><\/noscript>\t\t&#13;<br \/>\n\t\t&#13;\n    <\/div>\n<p><script type=\"text\/javascript\">jQuery(document).ready(function () {\n(function(d, s, id) {\n    var js, fjs = d.getElementsByTagName(s)[0];\n    if (d.getElementById(id))\n        return;\n    js = d.createElement(s);\n    js.id = id;\n    js.src = \"\/\/connect.facebook.net\/az_AZ\/all.js#xfbml=1&appId=1002485763137712\";\n    fjs.parentNode.insertBefore(js, fjs);\n}(document, 'script', 'facebook-jssdk'));                \n});<\/script><\/p>\n","protected":false},"excerpt":{"rendered":"<p>&#13; &#13; Deputat Razi Nurullayev G\u00fcrc\u00fcstanda Az\u0259rbaycan v\u0259 Erm\u0259nistan ba\u015f nazirl\u0259rinin i\u015ftirak\u0131 il\u0259 ba\u015f tutan g\u00f6r\u00fc\u015fd\u0259n foto payal\u015f\u0131b. Millinews.az x\u0259b\u0259r verir ki, o, feysbukda payla\u015fd\u0131\u011f\u0131 fotoya bu s\u00f6zl\u0259ri yaz\u0131b: &#8220;Bu foto da \u00e7ox xo\u015fuma g\u0259lir. \u00dcr\u0259yimd\u0259n ke\u00e7\u0259n fotodur. M\u0259nc\u0259, Nikol Pa\u015finyan pis adam deyil&#8221;. &#13; Qeyd ed\u0259k ki, d\u00fcn\u0259n Tbilisid\u0259 Az\u0259rbaycan v\u0259 Erm\u0259nistan ba\u015f nazirl\u0259ri &hellip;<\/p>\n","protected":false},"author":1,"featured_media":5724,"comment_status":"open","ping_status":"closed","sticky":false,"template":"","format":"standard","meta":{"footnotes":""},"categories":[9],"tags":[],"class_list":["post-5723","post","type-post","status-publish","format-standard","has-post-thumbnail","hentry","category-xeber"],"_links":{"self":[{"href":"https:\/\/millitv.net\/index.php?rest_route=\/wp\/v2\/posts\/5723","targetHints":{"allow":["GET"]}}],"collection":[{"href":"https:\/\/millitv.net\/index.php?rest_route=\/wp\/v2\/posts"}],"about":[{"href":"https:\/\/millitv.net\/index.php?rest_route=\/wp\/v2\/types\/post"}],"author":[{"embeddable":true,"href":"https:\/\/millitv.net\/index.php?rest_route=\/wp\/v2\/users\/1"}],"replies":[{"embeddable":true,"href":"https:\/\/millitv.net\/index.php?rest_route=%2Fwp%2Fv2%2Fcomments&post=5723"}],"version-history":[{"count":0,"href":"https:\/\/millitv.net\/index.php?rest_route=\/wp\/v2\/posts\/5723\/revisions"}],"wp:featuredmedia":[{"embeddable":true,"href":"https:\/\/millitv.net\/index.php?rest_route=\/wp\/v2\/media\/5724"}],"wp:attachment":[{"href":"https:\/\/millitv.net\/index.php?rest_route=%2Fwp%2Fv2%2Fmedia&parent=5723"}],"wp:term":[{"taxonomy":"category","embeddable":true,"href":"https:\/\/millitv.net\/index.php?rest_route=%2Fwp%2Fv2%2Fcategories&post=5723"},{"taxonomy":"post_tag","embeddable":true,"href":"https:\/\/millitv.net\/index.php?rest_route=%2Fwp%2Fv2%2Ftags&post=5723"}],"curies":[{"name":"wp","href":"https:\/\/api.w.org\/{rel}","templated":true}]}}