{"id":5715,"date":"2023-10-27T14:21:34","date_gmt":"2023-10-27T14:21:34","guid":{"rendered":"https:\/\/millinews.az\/xeber\/oglumun-aysun-kimi-qizla-ail%C9%99-qurmasina-razi-olmaram\/"},"modified":"2023-10-27T14:21:34","modified_gmt":"2023-10-27T14:21:34","slug":"oglumun-aysun-kimi-qizla-ail%C9%99-qurmasina-razi-olmaram","status":"publish","type":"post","link":"https:\/\/millitv.net\/?p=5715","title":{"rendered":"&#8220;O\u011flumun Aysun kimi q\u0131zla ail\u0259 qurmas\u0131na raz\u0131 olmaram&#8221;"},"content":{"rendered":"<div id=\"maincontent\">&#13;<br \/>\n        &#13;<\/p>\n<p><strong>Tan\u0131nm\u0131\u015f aktyor Elm\u0259ddin C\u0259f\u0259rov ATV kanal\u0131ndan yay\u0131mlanan \u201cR\u0259ngar\u0259ng s\u0259h\u0259r \u201cverili\u015finin qona\u011f\u0131 olub. <\/strong><\/p>\n<p><a href=\"https:\/\/Millinews.az\" target=\"_blank\" class=\"kw-link\" rel=\"noopener\">Millinews.az<\/a> x\u0259b\u0259r verir ki, aktyor efird\u0259 maraql\u0131 etiraflar\u0131 il\u0259 diqq\u0259t \u00e7\u0259kib. O\u011flunun xaricd\u0259 t\u0259hsil ald\u0131\u011f\u0131n\u0131 ifad\u0259 ed\u0259n Elm\u0259ddin \u00f6vladlar\u0131 il\u0259 dost kimi oldu\u011funu ifad\u0259 edib. O o\u011flunun se\u00e7iml\u0259rin\u0259 m\u00fcdaxil\u0259 etm\u0259diyini des\u0259 d\u0259, ail\u0259 quraca\u011f\u0131 xan\u0131m\u0131n profil m\u0259s\u0259l\u0259sind\u0259 m\u00f6vqeyinin oldu\u011funu bildirib. &#13;\n<\/p>\n<p> Apar\u0131c\u0131 \u201cO\u011flunuzun m\u00fc\u011f\u0259nni q\u0131z\u0131 il\u0259 evl\u0259nm\u0259sin\u0259 raz\u0131 olars\u0131n\u0131z? M\u0259s\u0259l \u00fc\u00e7\u00fcn deyir\u0259m o\u011flunuz g\u0259lib deyir ki, R\u0259qsan\u0259 xan\u0131m\u0131n q\u0131z\u0131 Aysunu sevir\u0259m onunla evl\u0259nm\u0259k ist\u0259yir\u0259m. \u0130caz\u0259 ver\u0259rs\u0259n?\u201d dey\u0259 sual edib. Elm\u0259ddin is\u0259 \u201cYox\u201d dey\u0259 cavab verib.<\/p>\n<p><iframe loading=\"lazy\" title=\"\u201cToyda olanda yem\u0259yi kim ver\u0259c\u0259k?\u201d \u2013 Elm\u0259ddin o\u011flunun evliliyind\u0259n DANI\u015eDI \/ R\u0259ngar\u0259ng s\u0259h\u0259r\" width=\"500\" height=\"281\" src=\"https:\/\/www.youtube.com\/embed\/Q1glfh1QSvA?feature=oembed\" frameborder=\"0\" allow=\"accelerometer; autoplay; clipboard-write; encrypted-media; gyroscope; picture-in-picture; web-share\" referrerpolicy=\"strict-origin-when-cross-origin\" allowfullscreen><\/iframe><br \/>&#13;<br \/>\n        &#13;<br \/>\n&#13;<br \/>\n        &#13;<br \/>\n&#13;\n        <\/p>\n<p><noscript><\/p>\n<p>You must enable Javascript on your browser for the site to work optimally and display sections completely.<\/p>\n<p><\/noscript>\t\t&#13;<br \/>\n\t\t&#13;\n    <\/div>\n<p><script type=\"text\/javascript\">jQuery(document).ready(function () {\n(function(d, s, id) {\n    var js, fjs = d.getElementsByTagName(s)[0];\n    if (d.getElementById(id))\n        return;\n    js = d.createElement(s);\n    js.id = id;\n    js.src = \"\/\/connect.facebook.net\/az_AZ\/all.js#xfbml=1&appId=1002485763137712\";\n    fjs.parentNode.insertBefore(js, fjs);\n}(document, 'script', 'facebook-jssdk'));                \n});<\/script><\/p>\n","protected":false},"excerpt":{"rendered":"<p>&#13; &#13; Tan\u0131nm\u0131\u015f aktyor Elm\u0259ddin C\u0259f\u0259rov ATV kanal\u0131ndan yay\u0131mlanan \u201cR\u0259ngar\u0259ng s\u0259h\u0259r \u201cverili\u015finin qona\u011f\u0131 olub. Millinews.az x\u0259b\u0259r verir ki, aktyor efird\u0259 maraql\u0131 etiraflar\u0131 il\u0259 diqq\u0259t \u00e7\u0259kib. O\u011flunun xaricd\u0259 t\u0259hsil ald\u0131\u011f\u0131n\u0131 ifad\u0259 ed\u0259n Elm\u0259ddin \u00f6vladlar\u0131 il\u0259 dost kimi oldu\u011funu ifad\u0259 edib. O o\u011flunun se\u00e7iml\u0259rin\u0259 m\u00fcdaxil\u0259 etm\u0259diyini des\u0259 d\u0259, ail\u0259 quraca\u011f\u0131 xan\u0131m\u0131n profil m\u0259s\u0259l\u0259sind\u0259 m\u00f6vqeyinin oldu\u011funu bildirib. &#13; &hellip;<\/p>\n","protected":false},"author":1,"featured_media":5716,"comment_status":"open","ping_status":"closed","sticky":false,"template":"","format":"standard","meta":{"footnotes":""},"categories":[9],"tags":[],"class_list":["post-5715","post","type-post","status-publish","format-standard","has-post-thumbnail","hentry","category-xeber"],"_links":{"self":[{"href":"https:\/\/millitv.net\/index.php?rest_route=\/wp\/v2\/posts\/5715","targetHints":{"allow":["GET"]}}],"collection":[{"href":"https:\/\/millitv.net\/index.php?rest_route=\/wp\/v2\/posts"}],"about":[{"href":"https:\/\/millitv.net\/index.php?rest_route=\/wp\/v2\/types\/post"}],"author":[{"embeddable":true,"href":"https:\/\/millitv.net\/index.php?rest_route=\/wp\/v2\/users\/1"}],"replies":[{"embeddable":true,"href":"https:\/\/millitv.net\/index.php?rest_route=%2Fwp%2Fv2%2Fcomments&post=5715"}],"version-history":[{"count":0,"href":"https:\/\/millitv.net\/index.php?rest_route=\/wp\/v2\/posts\/5715\/revisions"}],"wp:featuredmedia":[{"embeddable":true,"href":"https:\/\/millitv.net\/index.php?rest_route=\/wp\/v2\/media\/5716"}],"wp:attachment":[{"href":"https:\/\/millitv.net\/index.php?rest_route=%2Fwp%2Fv2%2Fmedia&parent=5715"}],"wp:term":[{"taxonomy":"category","embeddable":true,"href":"https:\/\/millitv.net\/index.php?rest_route=%2Fwp%2Fv2%2Fcategories&post=5715"},{"taxonomy":"post_tag","embeddable":true,"href":"https:\/\/millitv.net\/index.php?rest_route=%2Fwp%2Fv2%2Ftags&post=5715"}],"curies":[{"name":"wp","href":"https:\/\/api.w.org\/{rel}","templated":true}]}}