{"id":5711,"date":"2023-10-27T14:11:12","date_gmt":"2023-10-27T14:11:12","guid":{"rendered":"https:\/\/millinews.az\/xeber\/xank%C9%99ndi-s%C9%99h%C9%99r-polis-sob%C9%99si-yaradildi\/"},"modified":"2023-10-27T14:11:12","modified_gmt":"2023-10-27T14:11:12","slug":"xank%C9%99ndi-s%C9%99h%C9%99r-polis-sob%C9%99si-yaradildi","status":"publish","type":"post","link":"https:\/\/millitv.net\/?p=5711","title":{"rendered":"Xank\u0259ndi \u015f\u0259h\u0259r Polis \u015f\u00f6b\u0259si YARADILDI"},"content":{"rendered":"<p><img decoding=\"async\" src=\"https:\/\/Millinews.az\/storage\/2023\/10\/27\/1698415129_16959039831195648283_1200x630.jpg\" alt=\"\" title=\"\"><\/p>\n<div id=\"mvp-content-main\">\n<p><strong>Xank\u0259ndi Polis \u015e\u00f6b\u0259si yarad\u0131l\u0131b, Xocal\u0131, T\u0259rt\u0259r v\u0259 Xank\u0259ndiy\u0259 komendantlar t\u0259yin edilib.<\/strong><\/p>\n<p><strong><a target=\"_blank\" href=\"https:\/\/Millinews.az\" rel=\"noopener\">Millinews.az<\/a><\/strong> x\u0259b\u0259r verir ki, bunu daxili i\u015fl\u0259r naziri general-polkovnik Vilay\u0259t Eyvazov Daxili \u0130\u015fl\u0259r Nazirliyind\u0259 onlayn formatda ke\u00e7iril\u0259n Kollegiya iclas\u0131nda bildirib.<\/p>\n<p>Nazir oktyabr\u0131n 15-d\u0259 d\u0259 \u00f6lk\u0259mizin n\u00f6vb\u0259ti d\u0259f\u0259 tarixi anlar\u0131n v\u0259 hadis\u0259l\u0259rin \u015fahidi oldu\u011funu, Az\u0259rbaycan Respublikas\u0131n\u0131n Prezidenti, Silahl\u0131 Q\u00fcvv\u0259l\u0259rin Ali Ba\u015f Komandan\u0131 c\u0259nab \u0130lham \u018fliyevin Xank\u0259ndid\u0259, Xocav\u0259ndd\u0259, Xocal\u0131da v\u0259 terror\u00e7ulardan t\u0259mizl\u0259nmi\u015f dig\u0259r \u0259razil\u0259rd\u0259 D\u00f6vl\u0259t bayra\u011f\u0131m\u0131z\u0131 ucaltd\u0131\u011f\u0131n\u0131, habel\u0259 Daxili \u0130\u015fl\u0259r Nazirliyinin Xank\u0259ndi \u015f\u0259h\u0259r polis \u015f\u00f6b\u0259sinin yarad\u0131ld\u0131\u011f\u0131n\u0131, Xocal\u0131, T\u0259rt\u0259r v\u0259 Xank\u0259ndiy\u0259 m\u00fcv\u0259qq\u0259ti komendantlar\u0131n t\u0259yin edildiyini, i\u015f\u011faldan azad edilmi\u015f h\u0259min \u0259razil\u0259rd\u0259 t\u0259hl\u00fck\u0259sizliyin v\u0259 asayi\u015fin t\u0259min edilm\u0259si \u00fc\u00e7\u00fcn b\u00fct\u00fcn z\u0259ruri t\u0259dbirl\u0259r g\u00f6r\u00fcld\u00fcy\u00fcn\u00fc, h\u0259r bir evin, h\u0259r bir binan\u0131n v\u0259 infrastruktur obyektl\u0259rinin m\u00fchafiz\u0259y\u0259 g\u00f6t\u00fcr\u00fcld\u00fcy\u00fcn\u00fc, qanunsuz silahl\u0131 birl\u0259\u015fm\u0259l\u0259rin at\u0131b getdikl\u0259ri m\u00f6vqel\u0259rd\u0259n \u00e7oxsayl\u0131 silah-sursat\u0131n v\u0259 h\u0259rbi texnikan\u0131n a\u015fkarland\u0131\u011f\u0131n\u0131 qeyd edib.<\/p>\n<\/p><\/div>\n<p><script>\n        (function (d, s, id) {\n            var js, fjs = d.getElementsByTagName(s)[0];\n            if (d.getElementById(id)) return;\n            js = d.createElement(s);\n            js.id = id;\n            js.src = \"\/\/connect.facebook.net\/az_AZ\/sdk.js#xfbml=1&version=v2.7&appId=\";\n            fjs.parentNode.insertBefore(js, fjs);\n        }(document, 'script', 'facebook-jssdk'));\n    <\/script><\/p>\n","protected":false},"excerpt":{"rendered":"<p>Xank\u0259ndi Polis \u015e\u00f6b\u0259si yarad\u0131l\u0131b, Xocal\u0131, T\u0259rt\u0259r v\u0259 Xank\u0259ndiy\u0259 komendantlar t\u0259yin edilib. Millinews.az x\u0259b\u0259r verir ki, bunu daxili i\u015fl\u0259r naziri general-polkovnik Vilay\u0259t Eyvazov Daxili \u0130\u015fl\u0259r Nazirliyind\u0259 onlayn formatda ke\u00e7iril\u0259n Kollegiya iclas\u0131nda bildirib. Nazir oktyabr\u0131n 15-d\u0259 d\u0259 \u00f6lk\u0259mizin n\u00f6vb\u0259ti d\u0259f\u0259 tarixi anlar\u0131n v\u0259 hadis\u0259l\u0259rin \u015fahidi oldu\u011funu, Az\u0259rbaycan Respublikas\u0131n\u0131n Prezidenti, Silahl\u0131 Q\u00fcvv\u0259l\u0259rin Ali Ba\u015f Komandan\u0131 c\u0259nab \u0130lham \u018fliyevin &hellip;<\/p>\n","protected":false},"author":1,"featured_media":5712,"comment_status":"open","ping_status":"closed","sticky":false,"template":"","format":"standard","meta":{"footnotes":""},"categories":[9],"tags":[],"class_list":["post-5711","post","type-post","status-publish","format-standard","has-post-thumbnail","hentry","category-xeber"],"_links":{"self":[{"href":"https:\/\/millitv.net\/index.php?rest_route=\/wp\/v2\/posts\/5711","targetHints":{"allow":["GET"]}}],"collection":[{"href":"https:\/\/millitv.net\/index.php?rest_route=\/wp\/v2\/posts"}],"about":[{"href":"https:\/\/millitv.net\/index.php?rest_route=\/wp\/v2\/types\/post"}],"author":[{"embeddable":true,"href":"https:\/\/millitv.net\/index.php?rest_route=\/wp\/v2\/users\/1"}],"replies":[{"embeddable":true,"href":"https:\/\/millitv.net\/index.php?rest_route=%2Fwp%2Fv2%2Fcomments&post=5711"}],"version-history":[{"count":0,"href":"https:\/\/millitv.net\/index.php?rest_route=\/wp\/v2\/posts\/5711\/revisions"}],"wp:featuredmedia":[{"embeddable":true,"href":"https:\/\/millitv.net\/index.php?rest_route=\/wp\/v2\/media\/5712"}],"wp:attachment":[{"href":"https:\/\/millitv.net\/index.php?rest_route=%2Fwp%2Fv2%2Fmedia&parent=5711"}],"wp:term":[{"taxonomy":"category","embeddable":true,"href":"https:\/\/millitv.net\/index.php?rest_route=%2Fwp%2Fv2%2Fcategories&post=5711"},{"taxonomy":"post_tag","embeddable":true,"href":"https:\/\/millitv.net\/index.php?rest_route=%2Fwp%2Fv2%2Ftags&post=5711"}],"curies":[{"name":"wp","href":"https:\/\/api.w.org\/{rel}","templated":true}]}}