{"id":5699,"date":"2023-10-27T13:34:38","date_gmt":"2023-10-27T13:34:38","guid":{"rendered":"https:\/\/millinews.az\/xeber\/prezident-bu-v%C9%99zif%C9%99ni-l%C9%99gv-etdi\/"},"modified":"2023-10-27T13:34:38","modified_gmt":"2023-10-27T13:34:38","slug":"prezident-bu-v%C9%99zif%C9%99ni-l%C9%99gv-etdi","status":"publish","type":"post","link":"https:\/\/millitv.net\/?p=5699","title":{"rendered":"Prezident bu v\u0259zif\u0259ni l\u0259\u011fv etdi"},"content":{"rendered":"<div id=\"maincontent\">&#13;<br \/>\n        &#13;<\/p>\n<p><strong>S\u0259hiyy\u0259 nazirinin birinci m\u00fcavini v\u0259zif\u0259si l\u0259\u011fv edilib.<\/strong><\/p>\n<p><a href=\"https:\/\/Millinews.az\" target=\"_blank\" class=\"kw-link\" rel=\"noopener\">Millinews.az<\/a> x\u0259b\u0259r verir ki, bu, Prezident \u0130lham \u018fliyevin bu g\u00fcn imzalad\u0131\u011f\u0131 f\u0259rmanla S\u0259hiyy\u0259 Nazirliyi haqq\u0131nda \u018fsasnam\u0259y\u0259 edil\u0259n d\u0259yi\u015fiklikd\u0259 \u0259ksini tap\u0131b. &#13;\n<\/p>\n<p>Haz\u0131rda nazirin Az\u0259rbaycan Respublikas\u0131n\u0131n Prezidenti t\u0259r\u0259find\u0259n v\u0259zif\u0259y\u0259 t\u0259yin v\u0259 v\u0259zif\u0259d\u0259n azad edil\u0259n birinci m\u00fcavini v\u0259 d\u00f6rd m\u00fcavini var. D\u0259yi\u015fikliy\u0259 \u0259sas\u0259n, nazirini birinci m\u00fcavini v\u0259zif\u0259si il\u0259 b\u0259rab\u0259r bir m\u00fcavin v\u0259zif\u0259si d\u0259 l\u0259\u011fv olunub. Bel\u0259likl\u0259, nazirin 3 m\u00fcavini olacaq.<\/p>\n<p>Qeyd ed\u0259k ki, haz\u0131rda  s\u0259hiyy\u0259 naziri Teymur Musayevdir, Onun haz\u0131rda  3 m\u00fcavini var &#8211; Qas\u0131mov \u0130lqar, Rasim \u0130smay\u0131lov, Nadir Zeynalov. &#13;<br \/>\n        &#13;<br \/>\n&#13;<br \/>\n        &#13;<br \/>\n&#13;\n        <\/p>\n<p><noscript><\/p>\n<p>You must enable Javascript on your browser for the site to work optimally and display sections completely.<\/p>\n<p><\/noscript>\t\t&#13;<br \/>\n\t\t&#13;\n    <\/div>\n<p><script type=\"text\/javascript\">jQuery(document).ready(function () {\n(function(d, s, id) {\n    var js, fjs = d.getElementsByTagName(s)[0];\n    if (d.getElementById(id))\n        return;\n    js = d.createElement(s);\n    js.id = id;\n    js.src = \"\/\/connect.facebook.net\/az_AZ\/all.js#xfbml=1&appId=1002485763137712\";\n    fjs.parentNode.insertBefore(js, fjs);\n}(document, 'script', 'facebook-jssdk'));                \n});<\/script><\/p>\n","protected":false},"excerpt":{"rendered":"<p>&#13; &#13; S\u0259hiyy\u0259 nazirinin birinci m\u00fcavini v\u0259zif\u0259si l\u0259\u011fv edilib. Millinews.az x\u0259b\u0259r verir ki, bu, Prezident \u0130lham \u018fliyevin bu g\u00fcn imzalad\u0131\u011f\u0131 f\u0259rmanla S\u0259hiyy\u0259 Nazirliyi haqq\u0131nda \u018fsasnam\u0259y\u0259 edil\u0259n d\u0259yi\u015fiklikd\u0259 \u0259ksini tap\u0131b. &#13; Haz\u0131rda nazirin Az\u0259rbaycan Respublikas\u0131n\u0131n Prezidenti t\u0259r\u0259find\u0259n v\u0259zif\u0259y\u0259 t\u0259yin v\u0259 v\u0259zif\u0259d\u0259n azad edil\u0259n birinci m\u00fcavini v\u0259 d\u00f6rd m\u00fcavini var. D\u0259yi\u015fikliy\u0259 \u0259sas\u0259n, nazirini birinci m\u00fcavini v\u0259zif\u0259si il\u0259 &hellip;<\/p>\n","protected":false},"author":1,"featured_media":5678,"comment_status":"open","ping_status":"closed","sticky":false,"template":"","format":"standard","meta":{"footnotes":""},"categories":[9],"tags":[],"class_list":["post-5699","post","type-post","status-publish","format-standard","has-post-thumbnail","hentry","category-xeber"],"_links":{"self":[{"href":"https:\/\/millitv.net\/index.php?rest_route=\/wp\/v2\/posts\/5699","targetHints":{"allow":["GET"]}}],"collection":[{"href":"https:\/\/millitv.net\/index.php?rest_route=\/wp\/v2\/posts"}],"about":[{"href":"https:\/\/millitv.net\/index.php?rest_route=\/wp\/v2\/types\/post"}],"author":[{"embeddable":true,"href":"https:\/\/millitv.net\/index.php?rest_route=\/wp\/v2\/users\/1"}],"replies":[{"embeddable":true,"href":"https:\/\/millitv.net\/index.php?rest_route=%2Fwp%2Fv2%2Fcomments&post=5699"}],"version-history":[{"count":0,"href":"https:\/\/millitv.net\/index.php?rest_route=\/wp\/v2\/posts\/5699\/revisions"}],"wp:featuredmedia":[{"embeddable":true,"href":"https:\/\/millitv.net\/index.php?rest_route=\/wp\/v2\/media\/5678"}],"wp:attachment":[{"href":"https:\/\/millitv.net\/index.php?rest_route=%2Fwp%2Fv2%2Fmedia&parent=5699"}],"wp:term":[{"taxonomy":"category","embeddable":true,"href":"https:\/\/millitv.net\/index.php?rest_route=%2Fwp%2Fv2%2Fcategories&post=5699"},{"taxonomy":"post_tag","embeddable":true,"href":"https:\/\/millitv.net\/index.php?rest_route=%2Fwp%2Fv2%2Ftags&post=5699"}],"curies":[{"name":"wp","href":"https:\/\/api.w.org\/{rel}","templated":true}]}}