{"id":5687,"date":"2023-10-27T12:59:23","date_gmt":"2023-10-27T12:59:23","guid":{"rendered":"https:\/\/millinews.az\/xeber\/erdoganin-bu-mesaji-lazimi-yerl%C9%99r%C9%99-catdi\/"},"modified":"2023-10-27T12:59:23","modified_gmt":"2023-10-27T12:59:23","slug":"erdoganin-bu-mesaji-lazimi-yerl%C9%99r%C9%99-catdi","status":"publish","type":"post","link":"https:\/\/millitv.net\/?p=5687","title":{"rendered":"\u018frdo\u011fan\u0131n bu mesaj\u0131 laz\u0131mi yerl\u0259r\u0259 \u00e7atd\u0131"},"content":{"rendered":"<div id=\"maincontent\">&#13;<br \/>\n        &#13;<\/p>\n<p><strong>Az\u0259rbaycanla T\u00fcrkiy\u0259 aras\u0131nda \u0259laq\u0259l\u0259r son ill\u0259r g\u00fccl\u0259nib. Bunun arxas\u0131nda xalqlar\u0131m\u0131z\u0131n irad\u0259si v\u0259 liderl\u0259rimizin qarda\u015fl\u0131q m\u00fcnasib\u0259tl\u0259ri dayan\u0131r.<\/strong><\/p>\n<p><a href=\"https:\/\/Millinews.az\" target=\"_blank\" class=\"kw-link\" rel=\"noopener\">Millinews.az<\/a> x\u0259b\u0259r verir ki, bunu Az\u0259rbaycan\u0131n xarici i\u015fl\u0259r naziri Ceyhun Bayramov \u201cAnadolu\u201dya m\u00fcsahib\u0259sind\u0259 deyib. &#13;\n<\/p>\n<p>O bildirib ki, Az\u0259rbaycan\u0131n m\u00fcst\u0259qilliyinin b\u0259rpas\u0131n\u0131 ilk tan\u0131yan \u00f6lk\u0259 T\u00fcrkiy\u0259 olub:<\/p>\n<p>\u201cMustafa Kamal Atat\u00fcrk deyirdi ki, Az\u0259rbaycan\u0131n sevinci bizim sevincimiz, k\u0259d\u0259ri bizmi k\u0259d\u0259rimizdir. Ulu \u00d6nd\u0259r Heyd\u0259r \u018fliyev \u201cbir mill\u0259t, iki d\u00f6vl\u0259t\u201d k\u0259lam\u0131n\u0131 s\u00f6yl\u0259yib. Onlar \u0259laq\u0259l\u0259rimizin n\u0259 q\u0259d\u0259r d\u0259rin oldu\u011funu q\u0131sa s\u00f6zl\u0259rl\u0259 \u00e7ox g\u00f6z\u0259l izah edibl\u0259r\u201d.<\/p>\n<p>C.Bayramovun s\u00f6zl\u0259rin\u0259 g\u00f6r\u0259, az\u0259rbaycanl\u0131 diplomatlar T\u00fcrkiy\u0259nin, t\u00fcrkiy\u0259li diplomatlar is\u0259 Az\u0259rbaycan\u0131n maraqlar\u0131n\u0131 \u00f6z maraqlar\u0131 kimi qoruyurlar:<\/p>\n<p>\u201cBuna misal olaraq dey\u0259 bil\u0259rik ki, Prezident \u0130lham \u018fliyev 2014-c\u00fc ild\u0259 Praqada ke\u00e7iril\u0259n iclasda demi\u015fdi ki, T\u00fcrkiy\u0259 burda yoxdursa, m\u0259n varam. H\u0259m\u00e7inin Prezident R\u0259c\u0259b Tayyib \u018frdo\u011fan \u0130kinci Qaraba\u011f m\u00fcharib\u0259si vaxt\u0131 \u201cAz\u0259rbaycan bizim q\u0131rm\u0131z\u0131 x\u0259ttimizdir\u201d kimi a\u00e7\u0131qlama vermi\u015fdi. \u018frdo\u011fan\u0131n bu mesaj\u0131 laz\u0131mi yerl\u0259r\u0259 \u00e7atd\u0131 v\u0259 onlar n\u0259 etm\u0259k laz\u0131m oldu\u011funu ba\u015fa d\u00fc\u015f\u0259r\u0259k prosesd\u0259n k\u0259narda dayand\u0131lar. Az\u0259rbaycan d\u00f6vl\u0259ti v\u0259 xalq\u0131 qarda\u015f T\u00fcrkiy\u0259nin onun yan\u0131nda oldu\u011funu bilirdi v\u0259 hiss edirdi. 44 g\u00fcnl\u00fck m\u00fcharib\u0259 d\u00f6vr\u00fcnd\u0259 T\u00fcrkiy\u0259 xalq\u0131 v\u0259 d\u00f6vl\u0259tinin ortaya qoydu\u011fu m\u00f6vqe \u00e7ox vacib idi. Az\u0259rbaycana veril\u0259n siyasi v\u0259 m\u0259n\u0259vi d\u0259st\u0259k bizim g\u00fcc\u00fcm\u00fcz\u0259 g\u00fcc qatd\u0131 v\u0259 b\u00fct\u00fcn d\u00fcnyaya a\u00e7\u0131q mesaj oldu\u201d.&#13;<br \/>\n        &#13;<br \/>\n&#13;<br \/>\n        &#13;<br \/>\n&#13;\n        <\/p>\n<p><noscript><\/p>\n<p>You must enable Javascript on your browser for the site to work optimally and display sections completely.<\/p>\n<p><\/noscript>\t\t&#13;<br \/>\n\t\t&#13;\n    <\/div>\n<p><script type=\"text\/javascript\">jQuery(document).ready(function () {\n(function(d, s, id) {\n    var js, fjs = d.getElementsByTagName(s)[0];\n    if (d.getElementById(id))\n        return;\n    js = d.createElement(s);\n    js.id = id;\n    js.src = \"\/\/connect.facebook.net\/az_AZ\/all.js#xfbml=1&appId=1002485763137712\";\n    fjs.parentNode.insertBefore(js, fjs);\n}(document, 'script', 'facebook-jssdk'));                \n});<\/script><\/p>\n","protected":false},"excerpt":{"rendered":"<p>&#13; &#13; Az\u0259rbaycanla T\u00fcrkiy\u0259 aras\u0131nda \u0259laq\u0259l\u0259r son ill\u0259r g\u00fccl\u0259nib. Bunun arxas\u0131nda xalqlar\u0131m\u0131z\u0131n irad\u0259si v\u0259 liderl\u0259rimizin qarda\u015fl\u0131q m\u00fcnasib\u0259tl\u0259ri dayan\u0131r. Millinews.az x\u0259b\u0259r verir ki, bunu Az\u0259rbaycan\u0131n xarici i\u015fl\u0259r naziri Ceyhun Bayramov \u201cAnadolu\u201dya m\u00fcsahib\u0259sind\u0259 deyib. &#13; O bildirib ki, Az\u0259rbaycan\u0131n m\u00fcst\u0259qilliyinin b\u0259rpas\u0131n\u0131 ilk tan\u0131yan \u00f6lk\u0259 T\u00fcrkiy\u0259 olub: \u201cMustafa Kamal Atat\u00fcrk deyirdi ki, Az\u0259rbaycan\u0131n sevinci bizim sevincimiz, k\u0259d\u0259ri bizmi &hellip;<\/p>\n","protected":false},"author":1,"featured_media":5688,"comment_status":"open","ping_status":"closed","sticky":false,"template":"","format":"standard","meta":{"footnotes":""},"categories":[9],"tags":[],"class_list":["post-5687","post","type-post","status-publish","format-standard","has-post-thumbnail","hentry","category-xeber"],"_links":{"self":[{"href":"https:\/\/millitv.net\/index.php?rest_route=\/wp\/v2\/posts\/5687","targetHints":{"allow":["GET"]}}],"collection":[{"href":"https:\/\/millitv.net\/index.php?rest_route=\/wp\/v2\/posts"}],"about":[{"href":"https:\/\/millitv.net\/index.php?rest_route=\/wp\/v2\/types\/post"}],"author":[{"embeddable":true,"href":"https:\/\/millitv.net\/index.php?rest_route=\/wp\/v2\/users\/1"}],"replies":[{"embeddable":true,"href":"https:\/\/millitv.net\/index.php?rest_route=%2Fwp%2Fv2%2Fcomments&post=5687"}],"version-history":[{"count":0,"href":"https:\/\/millitv.net\/index.php?rest_route=\/wp\/v2\/posts\/5687\/revisions"}],"wp:featuredmedia":[{"embeddable":true,"href":"https:\/\/millitv.net\/index.php?rest_route=\/wp\/v2\/media\/5688"}],"wp:attachment":[{"href":"https:\/\/millitv.net\/index.php?rest_route=%2Fwp%2Fv2%2Fmedia&parent=5687"}],"wp:term":[{"taxonomy":"category","embeddable":true,"href":"https:\/\/millitv.net\/index.php?rest_route=%2Fwp%2Fv2%2Fcategories&post=5687"},{"taxonomy":"post_tag","embeddable":true,"href":"https:\/\/millitv.net\/index.php?rest_route=%2Fwp%2Fv2%2Ftags&post=5687"}],"curies":[{"name":"wp","href":"https:\/\/api.w.org\/{rel}","templated":true}]}}