{"id":5606,"date":"2023-10-27T09:14:38","date_gmt":"2023-10-27T09:14:38","guid":{"rendered":"https:\/\/millinews.az\/xeber\/pasinyan-qarabagdan-ged%C9%99n-erm%C9%99nil%C9%99rd%C9%99n-bu-yolla-xilas-olur\/"},"modified":"2023-10-27T09:14:38","modified_gmt":"2023-10-27T09:14:38","slug":"pasinyan-qarabagdan-ged%C9%99n-erm%C9%99nil%C9%99rd%C9%99n-bu-yolla-xilas-olur","status":"publish","type":"post","link":"https:\/\/millitv.net\/?p=5606","title":{"rendered":"Pa\u015finyan Qaraba\u011fdan ged\u0259n erm\u0259nil\u0259rd\u0259n bu yolla xilas olur"},"content":{"rendered":"<p><img decoding=\"async\" src=\"https:\/\/Millinews.az\/storage\/2023\/09\/11\/ermeniler.jpg\" alt=\"\" title=\"\"><\/p>\n<div id=\"mvp-content-main\">\n<p><strong>Erm\u0259nistan h\u00f6kum\u0259ti Qaraba\u011fdan qay\u0131dan erm\u0259nil\u0259r\u0259 \u201cqa\u00e7qa\u0131n statusu\u201d verm\u0259k q\u0259rar\u0131na g\u0259lib. Lakin bu add\u0131m erm\u0259ni ictimai r\u0259yind\u0259 birm\u0259nal\u0131 qar\u015f\u0131lanmay\u0131b.<\/strong><\/p>\n<p><a target=\"_blank\" href=\"https:\/\/Millinews.az\" rel=\"noopener\">Millinews.az<\/a> x\u0259b\u0259r verir ki, bu bar\u0259d\u0259 \u201cHraparak\u201d n\u0259\u015fri yaz\u0131r.<\/p>\n<p>N\u0259\u015fr yaz\u0131r ki, Qaraba\u011fdan ged\u0259n erm\u0259nil\u0259rin bir qismi bunu s\u0259birsizlikl\u0259 g\u00f6zl\u0259yirdi: \u201c\u00c7\u00fcnki onlar\u0131n Erm\u0259nistan h\u00f6kum\u0259tin\u0259 \u00fcmidi yoxdur v\u0259 bu statusla ist\u0259nil\u0259n \u00f6lk\u0259d\u0259 siyasi s\u0131\u011f\u0131nacaq almaq imkanlar\u0131 var. Dig\u0259rl\u0259ri \u2013 (qondarma) \u201cartsax\u201d\u0131n g\u0259l\u0259c\u0259yin\u0259 \u00fcmid b\u0259sl\u0259y\u0259nl\u0259r is\u0259 m\u0259yusdurlar.<\/p>\n<p>Onlar hesab edirl\u0259r ki, Pa\u015finyan yax\u0131n g\u0259l\u0259c\u0259kd\u0259 erm\u0259nil\u0259rin Qaraba\u011fa yenid\u0259n k\u00f6\u00e7m\u0259si m\u0259s\u0259l\u0259si il\u0259 m\u0259\u015f\u011ful olmaq niyy\u0259tind\u0259 deyil. &#8220;\u018fv\u0259zind\u0259 o, ba\u015f a\u011fr\u0131s\u0131ndan xilas olmaq ist\u0259yir v\u0259 bel\u0259 bir status verm\u0259kl\u0259 erm\u0259nil\u0259rin ba\u015fqa \u00f6lk\u0259l\u0259r\u0259 getm\u0259sini stimulla\u015fd\u0131r\u0131r\u201d, &#8211; n\u0259\u015fr yaz\u0131r v\u0259 qeyd edir ki, Pa\u015finyan \u201cinsan yoxdursa, problem d\u0259 yoxdur\u201d prinsipind\u0259n yana\u015f\u0131r.<\/p>\n<p><strong>Asif<\/strong><\/p>\n<\/p><\/div>\n<p><script>\n        (function (d, s, id) {\n            var js, fjs = d.getElementsByTagName(s)[0];\n            if (d.getElementById(id)) return;\n            js = d.createElement(s);\n            js.id = id;\n            js.src = \"\/\/connect.facebook.net\/az_AZ\/sdk.js#xfbml=1&version=v2.7&appId=\";\n            fjs.parentNode.insertBefore(js, fjs);\n        }(document, 'script', 'facebook-jssdk'));\n    <\/script><\/p>\n","protected":false},"excerpt":{"rendered":"<p>Erm\u0259nistan h\u00f6kum\u0259ti Qaraba\u011fdan qay\u0131dan erm\u0259nil\u0259r\u0259 \u201cqa\u00e7qa\u0131n statusu\u201d verm\u0259k q\u0259rar\u0131na g\u0259lib. Lakin bu add\u0131m erm\u0259ni ictimai r\u0259yind\u0259 birm\u0259nal\u0131 qar\u015f\u0131lanmay\u0131b. Millinews.az x\u0259b\u0259r verir ki, bu bar\u0259d\u0259 \u201cHraparak\u201d n\u0259\u015fri yaz\u0131r. N\u0259\u015fr yaz\u0131r ki, Qaraba\u011fdan ged\u0259n erm\u0259nil\u0259rin bir qismi bunu s\u0259birsizlikl\u0259 g\u00f6zl\u0259yirdi: \u201c\u00c7\u00fcnki onlar\u0131n Erm\u0259nistan h\u00f6kum\u0259tin\u0259 \u00fcmidi yoxdur v\u0259 bu statusla ist\u0259nil\u0259n \u00f6lk\u0259d\u0259 siyasi s\u0131\u011f\u0131nacaq almaq imkanlar\u0131 var. Dig\u0259rl\u0259ri &hellip;<\/p>\n","protected":false},"author":1,"featured_media":5607,"comment_status":"open","ping_status":"closed","sticky":false,"template":"","format":"standard","meta":{"footnotes":""},"categories":[9],"tags":[],"class_list":["post-5606","post","type-post","status-publish","format-standard","has-post-thumbnail","hentry","category-xeber"],"_links":{"self":[{"href":"https:\/\/millitv.net\/index.php?rest_route=\/wp\/v2\/posts\/5606","targetHints":{"allow":["GET"]}}],"collection":[{"href":"https:\/\/millitv.net\/index.php?rest_route=\/wp\/v2\/posts"}],"about":[{"href":"https:\/\/millitv.net\/index.php?rest_route=\/wp\/v2\/types\/post"}],"author":[{"embeddable":true,"href":"https:\/\/millitv.net\/index.php?rest_route=\/wp\/v2\/users\/1"}],"replies":[{"embeddable":true,"href":"https:\/\/millitv.net\/index.php?rest_route=%2Fwp%2Fv2%2Fcomments&post=5606"}],"version-history":[{"count":0,"href":"https:\/\/millitv.net\/index.php?rest_route=\/wp\/v2\/posts\/5606\/revisions"}],"wp:featuredmedia":[{"embeddable":true,"href":"https:\/\/millitv.net\/index.php?rest_route=\/wp\/v2\/media\/5607"}],"wp:attachment":[{"href":"https:\/\/millitv.net\/index.php?rest_route=%2Fwp%2Fv2%2Fmedia&parent=5606"}],"wp:term":[{"taxonomy":"category","embeddable":true,"href":"https:\/\/millitv.net\/index.php?rest_route=%2Fwp%2Fv2%2Fcategories&post=5606"},{"taxonomy":"post_tag","embeddable":true,"href":"https:\/\/millitv.net\/index.php?rest_route=%2Fwp%2Fv2%2Ftags&post=5606"}],"curies":[{"name":"wp","href":"https:\/\/api.w.org\/{rel}","templated":true}]}}