{"id":5604,"date":"2023-10-27T09:07:47","date_gmt":"2023-10-27T09:07:47","guid":{"rendered":"https:\/\/millinews.az\/xeber\/britaniya-ucun-az%C9%99rbaycanda-t%C9%99hsil-h%C9%99mis%C9%99-prioritet-olub\/"},"modified":"2023-10-27T09:07:47","modified_gmt":"2023-10-27T09:07:47","slug":"britaniya-ucun-az%C9%99rbaycanda-t%C9%99hsil-h%C9%99mis%C9%99-prioritet-olub","status":"publish","type":"post","link":"https:\/\/millitv.net\/?p=5604","title":{"rendered":"&#8220;Britaniya \u00fc\u00e7\u00fcn Az\u0259rbaycanda t\u0259hsil h\u0259mi\u015f\u0259 prioritet olub&#8221;"},"content":{"rendered":"<div id=\"maincontent\">&#13;<br \/>\n        &#13;<\/p>\n<p><strong>&#8220;B\u00f6y\u00fck Britaniya \u00fc\u00e7\u00fcn Az\u0259rbaycanda t\u0259hsil h\u0259mi\u015f\u0259 prioritet olub&#8221;.<\/strong><\/p>\n<p><a href=\"https:\/\/Millinews.az\" target=\"_blank\" class=\"kw-link\" rel=\"noopener\">Millinews.az<\/a> x\u0259b\u0259r verir ki, bunu Britaniyan\u0131n Az\u0259rbaycandak\u0131 s\u0259firi Ferqus Auld &#8220;X&#8221; hesab\u0131nda yaz\u0131b. &#13;\n<\/p>\n<p>Diplomat Britaniya t\u0259hsil \u015firk\u0259ti olan &#8220;British Council&#8221;\u0131n Az\u0259rbaycandak\u0131 f\u0259aliyy\u0259tinin 30 ilinin tamam oldu\u011funu xat\u0131rlad\u0131b.<\/p>\n<p>F.Auld bildirib ki, qurum B\u00f6y\u00fck Britaniya-Az\u0259rbaycan \u0259laq\u0259l\u0259rind\u0259 m\u00fch\u00fcm rol oynay\u0131b v\u0259 oynay\u0131r:<\/p>\n<p>&#8220;30 il \u0259vv\u0259l Bak\u0131n\u0131n m\u0259rk\u0259zind\u0259, \u0130\u00e7\u0259ri\u015f\u0259h\u0259rd\u0259 &#8220;British Council&#8221;\u0131n ilk ofisi v\u0259 T\u0259dris M\u0259rk\u0259zi a\u00e7\u0131ld\u0131. H\u0259min vaxt Az\u0259rbaycan Prezident Heyd\u0259r \u018fliyev v\u0259 Britaniyan\u0131n Ba\u015f naziri Con Meycor Az\u0259rbaycanda &#8220;British Council&#8221;\u0131n \u0259sas\u0131n\u0131 qoyan ikit\u0259r\u0259fli m\u00fcqavil\u0259ni imzalad\u0131lar v\u0259 \u0259sasl\u0131 t\u0259r\u0259fda\u015fl\u0131\u011fa ba\u015flad\u0131lar. Son 30 ild\u0259 &#8220;British Council&#8221; y\u00fcz minl\u0259rl\u0259 istedadl\u0131 az\u0259rbaycanl\u0131 g\u0259nc\u0259 xidm\u0259t g\u00f6st\u0259rib, onlara ingilis dilini \u00f6yr\u0259nm\u0259y\u0259, yeni karyera qap\u0131lar\u0131n\u0131 a\u00e7an imtahanlarda i\u015ftirak etm\u0259y\u0259 k\u00f6m\u0259k edib.<\/p>\n<p>B\u00f6y\u00fck Britaniyada t\u0259hsil almaq \u00fc\u015f\u00fcn d\u0259st\u0259k v\u0259 h\u0259tta t\u0259qa\u00fcd t\u0259qdim edib. &#8220;British Council&#8221; b\u00fct\u00fcn \u00f6lk\u0259d\u0259 ya\u015fayan az\u0259rbaycanl\u0131lar\u0131n q\u0259lbind\u0259 x\u00fcsusi yer tutub. B\u00f6y\u00fck Britaniyan\u0131n Az\u0259rbaycandak\u0131 s\u0259firi kimi f\u0259aliyy\u0259t g\u00f6st\u0259rdiyim ilk ild\u0259 m\u0259n &#8220;British Council&#8221;da xo\u015f xatir\u0259l\u0259ri v\u0259 h\u0259yat\u0131 d\u0259yi\u015fdir\u0259n t\u0259cr\u00fcb\u0259l\u0259ri olan \u00e7oxlu insanlarla g\u00f6r\u00fc\u015fd\u00fcm, nazirl\u0259rd\u0259n tutmu\u015f biznes adamlar\u0131na, akademikl\u0259rd\u0259n m\u00fct\u0259x\u0259ssisl\u0259r\u0259 q\u0259d\u0259r. &#8220;British Council&#8221; Az\u0259rbaycan yubileyiniz m\u00fcbar\u0259k!&#8221;.<del\/>&#13;<br \/>\n        &#13;<br \/>\n&#13;<br \/>\n        &#13;<br \/>\n&#13;\n        <\/p>\n<p><noscript><\/p>\n<p>You must enable Javascript on your browser for the site to work optimally and display sections completely.<\/p>\n<p><\/noscript>\t\t&#13;<br \/>\n\t\t&#13;\n    <\/div>\n<p><script type=\"text\/javascript\">jQuery(document).ready(function () {\n(function(d, s, id) {\n    var js, fjs = d.getElementsByTagName(s)[0];\n    if (d.getElementById(id))\n        return;\n    js = d.createElement(s);\n    js.id = id;\n    js.src = \"\/\/connect.facebook.net\/az_AZ\/all.js#xfbml=1&appId=1002485763137712\";\n    fjs.parentNode.insertBefore(js, fjs);\n}(document, 'script', 'facebook-jssdk'));                \n});<\/script><\/p>\n","protected":false},"excerpt":{"rendered":"<p>&#13; &#13; &#8220;B\u00f6y\u00fck Britaniya \u00fc\u00e7\u00fcn Az\u0259rbaycanda t\u0259hsil h\u0259mi\u015f\u0259 prioritet olub&#8221;. Millinews.az x\u0259b\u0259r verir ki, bunu Britaniyan\u0131n Az\u0259rbaycandak\u0131 s\u0259firi Ferqus Auld &#8220;X&#8221; hesab\u0131nda yaz\u0131b. &#13; Diplomat Britaniya t\u0259hsil \u015firk\u0259ti olan &#8220;British Council&#8221;\u0131n Az\u0259rbaycandak\u0131 f\u0259aliyy\u0259tinin 30 ilinin tamam oldu\u011funu xat\u0131rlad\u0131b. F.Auld bildirib ki, qurum B\u00f6y\u00fck Britaniya-Az\u0259rbaycan \u0259laq\u0259l\u0259rind\u0259 m\u00fch\u00fcm rol oynay\u0131b v\u0259 oynay\u0131r: &#8220;30 il \u0259vv\u0259l Bak\u0131n\u0131n m\u0259rk\u0259zind\u0259, &hellip;<\/p>\n","protected":false},"author":1,"featured_media":5605,"comment_status":"open","ping_status":"closed","sticky":false,"template":"","format":"standard","meta":{"footnotes":""},"categories":[9],"tags":[],"class_list":["post-5604","post","type-post","status-publish","format-standard","has-post-thumbnail","hentry","category-xeber"],"_links":{"self":[{"href":"https:\/\/millitv.net\/index.php?rest_route=\/wp\/v2\/posts\/5604","targetHints":{"allow":["GET"]}}],"collection":[{"href":"https:\/\/millitv.net\/index.php?rest_route=\/wp\/v2\/posts"}],"about":[{"href":"https:\/\/millitv.net\/index.php?rest_route=\/wp\/v2\/types\/post"}],"author":[{"embeddable":true,"href":"https:\/\/millitv.net\/index.php?rest_route=\/wp\/v2\/users\/1"}],"replies":[{"embeddable":true,"href":"https:\/\/millitv.net\/index.php?rest_route=%2Fwp%2Fv2%2Fcomments&post=5604"}],"version-history":[{"count":0,"href":"https:\/\/millitv.net\/index.php?rest_route=\/wp\/v2\/posts\/5604\/revisions"}],"wp:featuredmedia":[{"embeddable":true,"href":"https:\/\/millitv.net\/index.php?rest_route=\/wp\/v2\/media\/5605"}],"wp:attachment":[{"href":"https:\/\/millitv.net\/index.php?rest_route=%2Fwp%2Fv2%2Fmedia&parent=5604"}],"wp:term":[{"taxonomy":"category","embeddable":true,"href":"https:\/\/millitv.net\/index.php?rest_route=%2Fwp%2Fv2%2Fcategories&post=5604"},{"taxonomy":"post_tag","embeddable":true,"href":"https:\/\/millitv.net\/index.php?rest_route=%2Fwp%2Fv2%2Ftags&post=5604"}],"curies":[{"name":"wp","href":"https:\/\/api.w.org\/{rel}","templated":true}]}}