{"id":5580,"date":"2023-10-27T08:04:49","date_gmt":"2023-10-27T08:04:49","guid":{"rendered":"https:\/\/millinews.az\/xeber\/rusiya-komandirl%C9%99ri-doyusm%C9%99k-ist%C9%99m%C9%99y%C9%99n-%C9%99sg%C9%99rl%C9%99ri-edam-edir\/"},"modified":"2023-10-27T08:04:49","modified_gmt":"2023-10-27T08:04:49","slug":"rusiya-komandirl%C9%99ri-doyusm%C9%99k-ist%C9%99m%C9%99y%C9%99n-%C9%99sg%C9%99rl%C9%99ri-edam-edir","status":"publish","type":"post","link":"https:\/\/millitv.net\/?p=5580","title":{"rendered":"Rusiya komandirl\u0259ri d\u00f6y\u00fc\u015fm\u0259k ist\u0259m\u0259y\u0259n \u0259sg\u0259rl\u0259ri edam edir"},"content":{"rendered":"<div id=\"maincontent\">&#13;<br \/>\n        &#13;<\/p>\n<p><strong>A\u011f Ev iddia edib ki, Rusiya Ukraynada \u0259mr\u0259 tabe olmayan \u0259sg\u0259rl\u0259rini edam edib v\u0259 komandirl\u0259r Ukraynada c\u0259bh\u0259 x\u0259ttind\u0259n geri \u00e7\u0259kilm\u0259k ist\u0259y\u0259n qo\u015funlar\u0131 \u00f6ld\u00fcrm\u0259kl\u0259 h\u0259d\u0259l\u0259yibl\u0259r. <\/strong><\/p>\n<p><a href=\"https:\/\/Millinews.az\" target=\"_blank\" class=\"kw-link\" rel=\"noopener\">Millinews.az<\/a> x\u0259b\u0259r verir ki, A\u011f Evin Milli T\u0259hl\u00fck\u0259sizlik \u015euras\u0131n\u0131n Strateji Kommunikasiyalar \u00fczr\u0259 Koordinatoru Con Kirbi b\u0259yan edib ki, Rusiyan\u0131n Ukraynadak\u0131 qo\u015funlar\u0131 haz\u0131rl\u0131ql\u0131 deyil v\u0259 t\u0259chiz olunmay\u0131b.  &#13;\n<\/p>\n<p>M\u00fcharib\u0259y\u0259 haz\u0131r olmayan h\u0259rb\u00e7il\u0259r \u0259mrl\u0259r\u0259 tabe olmaq ist\u0259m\u0259yib.  Rusiyan\u0131n m\u00fcvafiq avadanl\u0131q, r\u0259hb\u0259rlik, resurslar v\u0259 d\u0259st\u0259k olmadan z\u0259if t\u0259lim ke\u00e7mi\u015f \u0259sg\u0259rl\u0259ri birba\u015fa d\u00f6y\u00fc\u015f\u0259 g\u00f6nd\u0259rdiyini qeyd ed\u0259n Kirbi, &#8220;B\u00fct\u00fcn bu \u015f\u0259rtl\u0259ri n\u0259z\u0259r\u0259 alsaq, Rusiya q\u00fcvv\u0259l\u0259rinin d\u00f6y\u00fc\u015f bacar\u0131\u011f\u0131n\u0131n a\u015fa\u011f\u0131 olmas\u0131 t\u0259\u0259cc\u00fcbl\u00fc deyil&#8221; dey\u0259 bildirib&#13;<br \/>\n        &#13;<br \/>\n&#13;<br \/>\n        &#13;<br \/>\n&#13;\n        <\/p>\n<p><noscript><\/p>\n<p>You must enable Javascript on your browser for the site to work optimally and display sections completely.<\/p>\n<p><\/noscript>\t\t&#13;<br \/>\n\t\t&#13;\n    <\/div>\n<p><script type=\"text\/javascript\">jQuery(document).ready(function () {\n(function(d, s, id) {\n    var js, fjs = d.getElementsByTagName(s)[0];\n    if (d.getElementById(id))\n        return;\n    js = d.createElement(s);\n    js.id = id;\n    js.src = \"\/\/connect.facebook.net\/az_AZ\/all.js#xfbml=1&appId=1002485763137712\";\n    fjs.parentNode.insertBefore(js, fjs);\n}(document, 'script', 'facebook-jssdk'));                \n});<\/script><\/p>\n","protected":false},"excerpt":{"rendered":"<p>&#13; &#13; A\u011f Ev iddia edib ki, Rusiya Ukraynada \u0259mr\u0259 tabe olmayan \u0259sg\u0259rl\u0259rini edam edib v\u0259 komandirl\u0259r Ukraynada c\u0259bh\u0259 x\u0259ttind\u0259n geri \u00e7\u0259kilm\u0259k ist\u0259y\u0259n qo\u015funlar\u0131 \u00f6ld\u00fcrm\u0259kl\u0259 h\u0259d\u0259l\u0259yibl\u0259r. Millinews.az x\u0259b\u0259r verir ki, A\u011f Evin Milli T\u0259hl\u00fck\u0259sizlik \u015euras\u0131n\u0131n Strateji Kommunikasiyalar \u00fczr\u0259 Koordinatoru Con Kirbi b\u0259yan edib ki, Rusiyan\u0131n Ukraynadak\u0131 qo\u015funlar\u0131 haz\u0131rl\u0131ql\u0131 deyil v\u0259 t\u0259chiz olunmay\u0131b. &#13; M\u00fcharib\u0259y\u0259 haz\u0131r &hellip;<\/p>\n","protected":false},"author":1,"featured_media":5581,"comment_status":"open","ping_status":"closed","sticky":false,"template":"","format":"standard","meta":{"footnotes":""},"categories":[9],"tags":[],"class_list":["post-5580","post","type-post","status-publish","format-standard","has-post-thumbnail","hentry","category-xeber"],"_links":{"self":[{"href":"https:\/\/millitv.net\/index.php?rest_route=\/wp\/v2\/posts\/5580","targetHints":{"allow":["GET"]}}],"collection":[{"href":"https:\/\/millitv.net\/index.php?rest_route=\/wp\/v2\/posts"}],"about":[{"href":"https:\/\/millitv.net\/index.php?rest_route=\/wp\/v2\/types\/post"}],"author":[{"embeddable":true,"href":"https:\/\/millitv.net\/index.php?rest_route=\/wp\/v2\/users\/1"}],"replies":[{"embeddable":true,"href":"https:\/\/millitv.net\/index.php?rest_route=%2Fwp%2Fv2%2Fcomments&post=5580"}],"version-history":[{"count":0,"href":"https:\/\/millitv.net\/index.php?rest_route=\/wp\/v2\/posts\/5580\/revisions"}],"wp:featuredmedia":[{"embeddable":true,"href":"https:\/\/millitv.net\/index.php?rest_route=\/wp\/v2\/media\/5581"}],"wp:attachment":[{"href":"https:\/\/millitv.net\/index.php?rest_route=%2Fwp%2Fv2%2Fmedia&parent=5580"}],"wp:term":[{"taxonomy":"category","embeddable":true,"href":"https:\/\/millitv.net\/index.php?rest_route=%2Fwp%2Fv2%2Fcategories&post=5580"},{"taxonomy":"post_tag","embeddable":true,"href":"https:\/\/millitv.net\/index.php?rest_route=%2Fwp%2Fv2%2Ftags&post=5580"}],"curies":[{"name":"wp","href":"https:\/\/api.w.org\/{rel}","templated":true}]}}