{"id":5534,"date":"2023-10-27T05:49:21","date_gmt":"2023-10-27T05:49:21","guid":{"rendered":"https:\/\/millinews.az\/xeber\/vasinqton-sulh-sazisinin-baglanmasinda-d%C9%99st%C9%99yini-davam-etdir%C9%99c%C9%99k\/"},"modified":"2023-10-27T05:49:21","modified_gmt":"2023-10-27T05:49:21","slug":"vasinqton-sulh-sazisinin-baglanmasinda-d%C9%99st%C9%99yini-davam-etdir%C9%99c%C9%99k","status":"publish","type":"post","link":"https:\/\/millitv.net\/?p=5534","title":{"rendered":"\u200b&#8221;Va\u015finqton s\u00fclh sazi\u015finin ba\u011flanmas\u0131nda d\u0259st\u0259yini davam etdir\u0259c\u0259k&#8221;"},"content":{"rendered":"<div id=\"maincontent\">&#13;<br \/>\n        &#13;<\/p>\n<p><strong>&#8220;Va\u015finqton s\u00fclh sazi\u015finin ba\u011flanmas\u0131nda Erm\u0259nistan v\u0259 Az\u0259rbaycana d\u0259st\u0259yini davam etdir\u0259c\u0259k&#8221;.<\/strong><\/p>\n<p><a href=\"https:\/\/Millinews.az\" target=\"_blank\" class=\"kw-link\" rel=\"noopener\">Millinews.az<\/a> x\u0259b\u0259r verir ki,  bunu AB\u015e D\u00f6vl\u0259t Departamentinin s\u00f6z\u00e7\u00fcs\u00fc Metyu Miller deyib.  &#13;\n<\/p>\n<p>O qeyd edib ki,  t\u0259r\u0259fl\u0259rin, regionun v\u0259 b\u00fct\u00fcn d\u00fcnyan\u0131n maraqlar\u0131ndan ir\u0259li g\u0259l\u0259r\u0259k  s\u00fclh sazi\u015finin ba\u011flanmas\u0131nda  d\u0259st\u0259k davam ed\u0259c\u0259k. &#13;<br \/>\n        &#13;<br \/>\n&#13;<br \/>\n        &#13;<br \/>\n&#13;\n        <\/p>\n<p><noscript><\/p>\n<p>You must enable Javascript on your browser for the site to work optimally and display sections completely.<\/p>\n<p><\/noscript>\t\t&#13;<br \/>\n\t\t&#13;\n    <\/div>\n<p><script type=\"text\/javascript\">jQuery(document).ready(function () {\n(function(d, s, id) {\n    var js, fjs = d.getElementsByTagName(s)[0];\n    if (d.getElementById(id))\n        return;\n    js = d.createElement(s);\n    js.id = id;\n    js.src = \"\/\/connect.facebook.net\/az_AZ\/all.js#xfbml=1&appId=1002485763137712\";\n    fjs.parentNode.insertBefore(js, fjs);\n}(document, 'script', 'facebook-jssdk'));                \n});<\/script><\/p>\n","protected":false},"excerpt":{"rendered":"<p>&#13; &#13; &#8220;Va\u015finqton s\u00fclh sazi\u015finin ba\u011flanmas\u0131nda Erm\u0259nistan v\u0259 Az\u0259rbaycana d\u0259st\u0259yini davam etdir\u0259c\u0259k&#8221;. Millinews.az x\u0259b\u0259r verir ki, bunu AB\u015e D\u00f6vl\u0259t Departamentinin s\u00f6z\u00e7\u00fcs\u00fc Metyu Miller deyib. &#13; O qeyd edib ki, t\u0259r\u0259fl\u0259rin, regionun v\u0259 b\u00fct\u00fcn d\u00fcnyan\u0131n maraqlar\u0131ndan ir\u0259li g\u0259l\u0259r\u0259k s\u00fclh sazi\u015finin ba\u011flanmas\u0131nda d\u0259st\u0259k davam ed\u0259c\u0259k. &#13; &#13; &#13; &#13; &#13; You must enable Javascript on your browser &hellip;<\/p>\n","protected":false},"author":1,"featured_media":5535,"comment_status":"open","ping_status":"closed","sticky":false,"template":"","format":"standard","meta":{"footnotes":""},"categories":[9],"tags":[],"class_list":["post-5534","post","type-post","status-publish","format-standard","has-post-thumbnail","hentry","category-xeber"],"_links":{"self":[{"href":"https:\/\/millitv.net\/index.php?rest_route=\/wp\/v2\/posts\/5534","targetHints":{"allow":["GET"]}}],"collection":[{"href":"https:\/\/millitv.net\/index.php?rest_route=\/wp\/v2\/posts"}],"about":[{"href":"https:\/\/millitv.net\/index.php?rest_route=\/wp\/v2\/types\/post"}],"author":[{"embeddable":true,"href":"https:\/\/millitv.net\/index.php?rest_route=\/wp\/v2\/users\/1"}],"replies":[{"embeddable":true,"href":"https:\/\/millitv.net\/index.php?rest_route=%2Fwp%2Fv2%2Fcomments&post=5534"}],"version-history":[{"count":0,"href":"https:\/\/millitv.net\/index.php?rest_route=\/wp\/v2\/posts\/5534\/revisions"}],"wp:featuredmedia":[{"embeddable":true,"href":"https:\/\/millitv.net\/index.php?rest_route=\/wp\/v2\/media\/5535"}],"wp:attachment":[{"href":"https:\/\/millitv.net\/index.php?rest_route=%2Fwp%2Fv2%2Fmedia&parent=5534"}],"wp:term":[{"taxonomy":"category","embeddable":true,"href":"https:\/\/millitv.net\/index.php?rest_route=%2Fwp%2Fv2%2Fcategories&post=5534"},{"taxonomy":"post_tag","embeddable":true,"href":"https:\/\/millitv.net\/index.php?rest_route=%2Fwp%2Fv2%2Ftags&post=5534"}],"curies":[{"name":"wp","href":"https:\/\/api.w.org\/{rel}","templated":true}]}}