{"id":5503,"date":"2023-10-27T02:48:25","date_gmt":"2023-10-27T02:48:25","guid":{"rendered":"https:\/\/millinews.az\/xeber\/abs-in-suriyadaki-bazasinda-partlayislar-bas-verdi\/"},"modified":"2023-10-27T02:48:25","modified_gmt":"2023-10-27T02:48:25","slug":"abs-in-suriyadaki-bazasinda-partlayislar-bas-verdi","status":"publish","type":"post","link":"https:\/\/millitv.net\/?p=5503","title":{"rendered":"AB\u015e-\u0131n Suriyadak\u0131 bazas\u0131nda partlay\u0131\u015flar ba\u015f verdi"},"content":{"rendered":"<p><img decoding=\"async\" src=\"https:\/\/Millinews.az\/storage\/2023\/10\/27\/abs_bayraq.jpg\" alt=\"\" title=\"\"><\/p>\n<div id=\"mvp-content-main\">\n<p><strong>Suriyan\u0131n Deyr \u0259z-Zor \u0259yal\u0259tind\u0259 AB\u015e h\u0259rb\u00e7il\u0259rinin n\u0259zar\u0259tind\u0259 olan h\u0259rbi bazada partlay\u0131\u015flar ba\u015f verib <\/strong><\/p>\n<p><strong><a target=\"_blank\" href=\"https:\/\/Millinews.az\" rel=\"noopener\">Millinews.az<\/a><\/strong> x\u0259b\u0259r verir ki, bu bar\u0259d\u0259 &#8220;Al Mayadeen&#8221; m\u0259lumat yay\u0131b.<\/p>\n<p>Bildirilib ki, baza Koniko qaz yata\u011f\u0131nda yerl\u0259\u015fir.<\/p>\n<p>Partlay\u0131\u015f\u0131n s\u0259b\u0259bl\u0259ri v\u0259 n\u0259tic\u0259l\u0259ri bar\u0259d\u0259 m\u0259lumat yoxdur.<\/p>\n<p>Qeyd olunub ki, son g\u00fcnl\u0259r Amerikan\u0131n \u0130raq v\u0259 Suriyadak\u0131 bazalar\u0131na bir ne\u00e7\u0259 d\u0259f\u0259 h\u00fccum edilib.<\/p>\n<p><strong>H\u00fcseyn \u0130badl\u0131<\/strong><\/p>\n<\/p><\/div>\n<p><script>\n        (function (d, s, id) {\n            var js, fjs = d.getElementsByTagName(s)[0];\n            if (d.getElementById(id)) return;\n            js = d.createElement(s);\n            js.id = id;\n            js.src = \"\/\/connect.facebook.net\/az_AZ\/sdk.js#xfbml=1&version=v2.7&appId=\";\n            fjs.parentNode.insertBefore(js, fjs);\n        }(document, 'script', 'facebook-jssdk'));\n    <\/script><\/p>\n","protected":false},"excerpt":{"rendered":"<p>Suriyan\u0131n Deyr \u0259z-Zor \u0259yal\u0259tind\u0259 AB\u015e h\u0259rb\u00e7il\u0259rinin n\u0259zar\u0259tind\u0259 olan h\u0259rbi bazada partlay\u0131\u015flar ba\u015f verib Millinews.az x\u0259b\u0259r verir ki, bu bar\u0259d\u0259 &#8220;Al Mayadeen&#8221; m\u0259lumat yay\u0131b. Bildirilib ki, baza Koniko qaz yata\u011f\u0131nda yerl\u0259\u015fir. Partlay\u0131\u015f\u0131n s\u0259b\u0259bl\u0259ri v\u0259 n\u0259tic\u0259l\u0259ri bar\u0259d\u0259 m\u0259lumat yoxdur. Qeyd olunub ki, son g\u00fcnl\u0259r Amerikan\u0131n \u0130raq v\u0259 Suriyadak\u0131 bazalar\u0131na bir ne\u00e7\u0259 d\u0259f\u0259 h\u00fccum edilib. H\u00fcseyn \u0130badl\u0131<\/p>\n","protected":false},"author":1,"featured_media":5504,"comment_status":"open","ping_status":"closed","sticky":false,"template":"","format":"standard","meta":{"footnotes":""},"categories":[9],"tags":[],"class_list":["post-5503","post","type-post","status-publish","format-standard","has-post-thumbnail","hentry","category-xeber"],"_links":{"self":[{"href":"https:\/\/millitv.net\/index.php?rest_route=\/wp\/v2\/posts\/5503","targetHints":{"allow":["GET"]}}],"collection":[{"href":"https:\/\/millitv.net\/index.php?rest_route=\/wp\/v2\/posts"}],"about":[{"href":"https:\/\/millitv.net\/index.php?rest_route=\/wp\/v2\/types\/post"}],"author":[{"embeddable":true,"href":"https:\/\/millitv.net\/index.php?rest_route=\/wp\/v2\/users\/1"}],"replies":[{"embeddable":true,"href":"https:\/\/millitv.net\/index.php?rest_route=%2Fwp%2Fv2%2Fcomments&post=5503"}],"version-history":[{"count":0,"href":"https:\/\/millitv.net\/index.php?rest_route=\/wp\/v2\/posts\/5503\/revisions"}],"wp:featuredmedia":[{"embeddable":true,"href":"https:\/\/millitv.net\/index.php?rest_route=\/wp\/v2\/media\/5504"}],"wp:attachment":[{"href":"https:\/\/millitv.net\/index.php?rest_route=%2Fwp%2Fv2%2Fmedia&parent=5503"}],"wp:term":[{"taxonomy":"category","embeddable":true,"href":"https:\/\/millitv.net\/index.php?rest_route=%2Fwp%2Fv2%2Fcategories&post=5503"},{"taxonomy":"post_tag","embeddable":true,"href":"https:\/\/millitv.net\/index.php?rest_route=%2Fwp%2Fv2%2Ftags&post=5503"}],"curies":[{"name":"wp","href":"https:\/\/api.w.org\/{rel}","templated":true}]}}