{"id":5493,"date":"2023-10-27T00:23:37","date_gmt":"2023-10-27T00:23:37","guid":{"rendered":"https:\/\/millinews.az\/xeber\/58-yasli-model-yen%C9%99-soyundu\/"},"modified":"2023-10-27T00:23:37","modified_gmt":"2023-10-27T00:23:37","slug":"58-yasli-model-yen%C9%99-soyundu","status":"publish","type":"post","link":"https:\/\/millitv.net\/?p=5493","title":{"rendered":"58 ya\u015fl\u0131 model yen\u0259 soyundu"},"content":{"rendered":"<p><img decoding=\"async\" src=\"https:\/\/Millinews.az\/storage\/2023\/10\/26\/img44722.png\" alt=\"\" title=\"\"><\/p>\n<div id=\"mvp-content-main\">\n<p><strong>Portuqaliyan\u0131n &#8220;Vogue&#8221; jurnal\u0131n\u0131n son n\u00f6mr\u0259sinin \u00fcz qab\u0131\u011f\u0131na \u00e7\u0259kil\u0259n \u00e7ex \u0259silli model Paulina Porizkova bu d\u0259f\u0259 ba\u015fqa bir moda jurnal\u0131 \u00fc\u00e7\u00fcn kamera qar\u015f\u0131s\u0131na ke\u00e7ib. <\/strong><\/p>\n<p><strong><a target=\"_blank\" href=\"https:\/\/Millinews.az\" rel=\"noopener\">Millinews.az<\/a><\/strong> xarici m\u0259tbuata istinad\u0259n x\u0259b\u0259r verir ki, supermodel fotosessiyada &#8220;Maks Mara&#8221;, &#8220;Prada&#8221;, &#8220;Gucci&#8221; v\u0259 dig\u0259r brendl\u0259rin paltarlar\u0131nda fotoqraf Hana Knizova \u00fcst geyimsiz pozalar verib. Onun bu kadrlar\u0131 sosial \u015f\u0259b\u0259k\u0259l\u0259rd\u0259 n\u00f6vb\u0259ti d\u0259f\u0259 m\u00fczakir\u0259l\u0259r\u0259 s\u0259b\u0259b olub.<\/p>\n<p>58 ya\u015fl\u0131 model v\u0259 yaz\u0131\u00e7\u0131 f\u0259al \u015f\u0259kild\u0259 ya\u015flanmaya qar\u015f\u0131 \u00e7\u0131x\u0131r v\u0259 t\u0259bii qocalman\u0131 d\u0259st\u0259kl\u0259yir. O, insanlara \u00f6z\u00fcn\u00fc q\u0259bul etm\u0259yi \u00f6yr\u0259ndiyini, n\u0259hay\u0259t ke\u00e7mi\u015fd\u0259n \u0259l \u00e7\u0259kdiyini v\u0259 \u00f6z\u00fcn\u00fc p\u0259r\u0259sti\u015fkarlar\u0131na oldu\u011fu kimi g\u00f6st\u0259rm\u0259k m\u0259suliyy\u0259ti hiss etdiyini s\u00f6yl\u0259yib.<\/p>\n<p>&#8220;Ya\u015flanma il\u0259 ba\u011fl\u0131 inan\u0131lmaz m\u0259qamlardan biri d\u0259 odur ki, siz ba\u015fqalar\u0131n\u0131n n\u0259 d\u00fc\u015f\u00fcnd\u00fcy\u00fcn\u0259 getdikc\u0259 daha az \u0259h\u0259miyy\u0259t verirsiniz. \u00d6z\u00fcm\u00fc niy\u0259 d\u0259yi\u015fdirm\u0259liy\u0259m? M\u0259n indi \u0259n yax\u015f\u0131 ya\u015fdayam. \u018fg\u0259r q\u0131r\u0131\u015flar\u0131m\u0131n m\u0259ni bundan m\u0259hrum etdiyini d\u00fc\u015f\u00fcn\u00fcrs\u0259ns\u0259, ancaq t\u0259\u0259ss\u00fcf ed\u0259 bil\u0259r\u0259m&#8221;, &#8211; Paulina vur\u011fulay\u0131b.<\/p>\n<\/p><\/div>\n<p><script>\n        (function (d, s, id) {\n            var js, fjs = d.getElementsByTagName(s)[0];\n            if (d.getElementById(id)) return;\n            js = d.createElement(s);\n            js.id = id;\n            js.src = \"\/\/connect.facebook.net\/az_AZ\/sdk.js#xfbml=1&version=v2.7&appId=\";\n            fjs.parentNode.insertBefore(js, fjs);\n        }(document, 'script', 'facebook-jssdk'));\n    <\/script><\/p>\n","protected":false},"excerpt":{"rendered":"<p>Portuqaliyan\u0131n &#8220;Vogue&#8221; jurnal\u0131n\u0131n son n\u00f6mr\u0259sinin \u00fcz qab\u0131\u011f\u0131na \u00e7\u0259kil\u0259n \u00e7ex \u0259silli model Paulina Porizkova bu d\u0259f\u0259 ba\u015fqa bir moda jurnal\u0131 \u00fc\u00e7\u00fcn kamera qar\u015f\u0131s\u0131na ke\u00e7ib. Millinews.az xarici m\u0259tbuata istinad\u0259n x\u0259b\u0259r verir ki, supermodel fotosessiyada &#8220;Maks Mara&#8221;, &#8220;Prada&#8221;, &#8220;Gucci&#8221; v\u0259 dig\u0259r brendl\u0259rin paltarlar\u0131nda fotoqraf Hana Knizova \u00fcst geyimsiz pozalar verib. Onun bu kadrlar\u0131 sosial \u015f\u0259b\u0259k\u0259l\u0259rd\u0259 n\u00f6vb\u0259ti d\u0259f\u0259 m\u00fczakir\u0259l\u0259r\u0259 &hellip;<\/p>\n","protected":false},"author":1,"featured_media":5494,"comment_status":"open","ping_status":"closed","sticky":false,"template":"","format":"standard","meta":{"footnotes":""},"categories":[9],"tags":[],"class_list":["post-5493","post","type-post","status-publish","format-standard","has-post-thumbnail","hentry","category-xeber"],"_links":{"self":[{"href":"https:\/\/millitv.net\/index.php?rest_route=\/wp\/v2\/posts\/5493","targetHints":{"allow":["GET"]}}],"collection":[{"href":"https:\/\/millitv.net\/index.php?rest_route=\/wp\/v2\/posts"}],"about":[{"href":"https:\/\/millitv.net\/index.php?rest_route=\/wp\/v2\/types\/post"}],"author":[{"embeddable":true,"href":"https:\/\/millitv.net\/index.php?rest_route=\/wp\/v2\/users\/1"}],"replies":[{"embeddable":true,"href":"https:\/\/millitv.net\/index.php?rest_route=%2Fwp%2Fv2%2Fcomments&post=5493"}],"version-history":[{"count":0,"href":"https:\/\/millitv.net\/index.php?rest_route=\/wp\/v2\/posts\/5493\/revisions"}],"wp:featuredmedia":[{"embeddable":true,"href":"https:\/\/millitv.net\/index.php?rest_route=\/wp\/v2\/media\/5494"}],"wp:attachment":[{"href":"https:\/\/millitv.net\/index.php?rest_route=%2Fwp%2Fv2%2Fmedia&parent=5493"}],"wp:term":[{"taxonomy":"category","embeddable":true,"href":"https:\/\/millitv.net\/index.php?rest_route=%2Fwp%2Fv2%2Fcategories&post=5493"},{"taxonomy":"post_tag","embeddable":true,"href":"https:\/\/millitv.net\/index.php?rest_route=%2Fwp%2Fv2%2Ftags&post=5493"}],"curies":[{"name":"wp","href":"https:\/\/api.w.org\/{rel}","templated":true}]}}