{"id":5475,"date":"2023-10-26T20:48:11","date_gmt":"2023-10-26T20:48:11","guid":{"rendered":"https:\/\/millinews.az\/xeber\/turkm%C9%99nistan-prezidenti-turkiy%C9%99d%C9%99-r%C9%99smi-s%C9%99f%C9%99rd%C9%99dir\/"},"modified":"2023-10-26T20:48:11","modified_gmt":"2023-10-26T20:48:11","slug":"turkm%C9%99nistan-prezidenti-turkiy%C9%99d%C9%99-r%C9%99smi-s%C9%99f%C9%99rd%C9%99dir","status":"publish","type":"post","link":"https:\/\/millitv.net\/?p=5475","title":{"rendered":"T\u00fcrkm\u0259nistan Prezidenti T\u00fcrkiy\u0259d\u0259 r\u0259smi s\u0259f\u0259rd\u0259dir"},"content":{"rendered":"<div id=\"maincontent\">&#13;<br \/>\n        &#13;<\/p>\n<p><strong>T\u00fcrkm\u0259nistan Prezidenti S\u0259rdar Berdim\u0259h\u0259mm\u0259dov T\u00fcrkiy\u0259d\u0259 r\u0259smi s\u0259f\u0259rd\u0259dir.<\/strong><\/p>\n<p><a href=\"https:\/\/Millinews.az\" target=\"_blank\" class=\"kw-link\" rel=\"noopener\">Millinews.az<\/a> x\u0259b\u0259r verir ki, T\u00fcrkm\u0259nistan Prezidenti Ankarada r\u0259smi m\u0259rasiml\u0259 qar\u015f\u0131lan\u0131b. &#13;\n<\/p>\n<p>T\u0259kb\u0259t\u0259k v\u0259 n\u00fcmay\u0259nd\u0259 hey\u0259tl\u0259rinin i\u015ftirak\u0131 il\u0259 ke\u00e7iril\u0259n g\u00f6r\u00fc\u015fl\u0259rd\u0259n sonra \u018frdo\u011fan v\u0259 Berdim\u0259h\u0259mm\u0259dov, el\u0259c\u0259 d\u0259 aidiyy\u0259ti d\u00f6vl\u0259t qurumlar\u0131n\u0131n r\u0259hb\u0259rl\u0259ri t\u0259r\u0259find\u0259n iki \u00f6lk\u0259 aras\u0131nda enerji, n\u0259qliyyat, ticar\u0259t, iqlim d\u0259yi\u015fikliyi, insan resurslar\u0131, idman, t\u0259hsil v\u0259 arxiv kimi sah\u0259l\u0259ri \u0259hat\u0259 ed\u0259n 13 m\u00fcqavil\u0259 imzalan\u0131b.<\/p>\n<p>Daha sonra liderl\u0259r birg\u0259 m\u0259tbuat konfrans\u0131 ke\u00e7iribl\u0259r.<\/p>\n<p>Konfransda \u00e7\u0131x\u0131\u015f ed\u0259n T\u00fcrkiy\u0259 Prezidenti bildirib ki, ortaq dil, din v\u0259 m\u0259d\u0259niyy\u0259t\u0259 sahib iki \u00f6lk\u0259 aras\u0131nda m\u0259d\u0259ni m\u00fcnasib\u0259tl\u0259r qar\u015f\u0131l\u0131ql\u0131 h\u00f6rm\u0259t, \u0259m\u0259kda\u015fl\u0131q v\u0259 ortaq maraqlar \u0259sas\u0131nda h\u0259r g\u00fcn daha da g\u00fccl\u0259n\u0259r\u0259k inki\u015faf edir.<\/p>\n<p>\u00d6z n\u00f6vb\u0259sind\u0259 T\u00fcrkiy\u0259 Respublikas\u0131n\u0131n qurulmas\u0131n\u0131n 100-c\u00fc ild\u00f6n\u00fcm\u00fc m\u00fcnasib\u0259til\u0259 t\u0259brikl\u0259rini \u00e7atd\u0131ran T\u00fcrkm\u0259nistan Prezidenti T\u00fcrkiy\u0259 t\u0259r\u0259fi il\u0259 qar\u015f\u0131l\u0131ql\u0131 dostluq v\u0259 qarda\u015fl\u0131q m\u00fcnasib\u0259tl\u0259ri \u00e7\u0259r\u00e7iv\u0259sind\u0259 \u00e7ox \u0259h\u0259miyy\u0259tli g\u00f6r\u00fc\u015fl\u0259r ke\u00e7irdikl\u0259rini bildirib.<\/p>\n<p>G\u00f6r\u00fc\u015f zaman\u0131 iki \u00f6lk\u0259 aras\u0131nda m\u00fcxt\u0259lif \u0259m\u0259kda\u015fl\u0131q sah\u0259l\u0259ri, el\u0259c\u0259 d\u0259 b\u00f6lg\u0259d\u0259 v\u0259 d\u00fcnyada ba\u015f ver\u0259n hadis\u0259l\u0259r bar\u0259d\u0259 fikir m\u00fcbadil\u0259si apard\u0131qlar\u0131n\u0131 dey\u0259n Prezident Berdim\u0259h\u0259mm\u0259dov T\u00fcrkm\u0259nistan t\u0259bii qaz\u0131n\u0131n v\u0259 elektrik enerjisinin X\u0259z\u0259r d\u0259nizi vasit\u0259sil\u0259 T\u00fcrkiy\u0259y\u0259 n\u0259qli, h\u0259m\u00e7inin iki \u00f6lk\u0259 aras\u0131nda ticar\u0259t sah\u0259sinin inki\u015faf\u0131 m\u0259s\u0259l\u0259l\u0259rinin m\u00fczakir\u0259 olundu\u011funu deyib.<\/p>\n<p>Qeyd ed\u0259k ki, bu, S\u0259rdar Berdim\u0259h\u0259mm\u0259dovun T\u00fcrkm\u0259nistan Prezidenti kimi T\u00fcrkiy\u0259y\u0259 ilk r\u0259smi s\u0259f\u0259ridir.&#13;<br \/>\n        &#13;<br \/>\n&#13;<br \/>\n        &#13;<br \/>\n&#13;\n        <\/p>\n<p><noscript><\/p>\n<p>You must enable Javascript on your browser for the site to work optimally and display sections completely.<\/p>\n<p><\/noscript>\t\t&#13;<br \/>\n\t\t&#13;\n    <\/div>\n<p><script type=\"text\/javascript\">jQuery(document).ready(function () {\n(function(d, s, id) {\n    var js, fjs = d.getElementsByTagName(s)[0];\n    if (d.getElementById(id))\n        return;\n    js = d.createElement(s);\n    js.id = id;\n    js.src = \"\/\/connect.facebook.net\/az_AZ\/all.js#xfbml=1&appId=1002485763137712\";\n    fjs.parentNode.insertBefore(js, fjs);\n}(document, 'script', 'facebook-jssdk'));                \n});<\/script><\/p>\n","protected":false},"excerpt":{"rendered":"<p>&#13; &#13; T\u00fcrkm\u0259nistan Prezidenti S\u0259rdar Berdim\u0259h\u0259mm\u0259dov T\u00fcrkiy\u0259d\u0259 r\u0259smi s\u0259f\u0259rd\u0259dir. Millinews.az x\u0259b\u0259r verir ki, T\u00fcrkm\u0259nistan Prezidenti Ankarada r\u0259smi m\u0259rasiml\u0259 qar\u015f\u0131lan\u0131b. &#13; T\u0259kb\u0259t\u0259k v\u0259 n\u00fcmay\u0259nd\u0259 hey\u0259tl\u0259rinin i\u015ftirak\u0131 il\u0259 ke\u00e7iril\u0259n g\u00f6r\u00fc\u015fl\u0259rd\u0259n sonra \u018frdo\u011fan v\u0259 Berdim\u0259h\u0259mm\u0259dov, el\u0259c\u0259 d\u0259 aidiyy\u0259ti d\u00f6vl\u0259t qurumlar\u0131n\u0131n r\u0259hb\u0259rl\u0259ri t\u0259r\u0259find\u0259n iki \u00f6lk\u0259 aras\u0131nda enerji, n\u0259qliyyat, ticar\u0259t, iqlim d\u0259yi\u015fikliyi, insan resurslar\u0131, idman, t\u0259hsil v\u0259 arxiv kimi sah\u0259l\u0259ri &hellip;<\/p>\n","protected":false},"author":1,"featured_media":5476,"comment_status":"open","ping_status":"closed","sticky":false,"template":"","format":"standard","meta":{"footnotes":""},"categories":[9],"tags":[],"class_list":["post-5475","post","type-post","status-publish","format-standard","has-post-thumbnail","hentry","category-xeber"],"_links":{"self":[{"href":"https:\/\/millitv.net\/index.php?rest_route=\/wp\/v2\/posts\/5475","targetHints":{"allow":["GET"]}}],"collection":[{"href":"https:\/\/millitv.net\/index.php?rest_route=\/wp\/v2\/posts"}],"about":[{"href":"https:\/\/millitv.net\/index.php?rest_route=\/wp\/v2\/types\/post"}],"author":[{"embeddable":true,"href":"https:\/\/millitv.net\/index.php?rest_route=\/wp\/v2\/users\/1"}],"replies":[{"embeddable":true,"href":"https:\/\/millitv.net\/index.php?rest_route=%2Fwp%2Fv2%2Fcomments&post=5475"}],"version-history":[{"count":0,"href":"https:\/\/millitv.net\/index.php?rest_route=\/wp\/v2\/posts\/5475\/revisions"}],"wp:featuredmedia":[{"embeddable":true,"href":"https:\/\/millitv.net\/index.php?rest_route=\/wp\/v2\/media\/5476"}],"wp:attachment":[{"href":"https:\/\/millitv.net\/index.php?rest_route=%2Fwp%2Fv2%2Fmedia&parent=5475"}],"wp:term":[{"taxonomy":"category","embeddable":true,"href":"https:\/\/millitv.net\/index.php?rest_route=%2Fwp%2Fv2%2Fcategories&post=5475"},{"taxonomy":"post_tag","embeddable":true,"href":"https:\/\/millitv.net\/index.php?rest_route=%2Fwp%2Fv2%2Ftags&post=5475"}],"curies":[{"name":"wp","href":"https:\/\/api.w.org\/{rel}","templated":true}]}}