{"id":5468,"date":"2023-10-26T19:59:20","date_gmt":"2023-10-26T19:59:20","guid":{"rendered":"https:\/\/millinews.az\/xeber\/vilay%C9%99t-eyvazov-iki-rayona-yeni-r%C9%99is-t%C9%99yin-etdi\/"},"modified":"2023-10-26T19:59:20","modified_gmt":"2023-10-26T19:59:20","slug":"vilay%C9%99t-eyvazov-iki-rayona-yeni-r%C9%99is-t%C9%99yin-etdi","status":"publish","type":"post","link":"https:\/\/millitv.net\/?p=5468","title":{"rendered":"Vilay\u0259t Eyvazov iki rayona yeni r\u0259is t\u0259yin etdi"},"content":{"rendered":"<p><img decoding=\"async\" src=\"https:\/\/Millinews.az\/storage\/2019\/08\/17\/vilayet-eyvazov_(1).jpg\" alt=\"\" title=\"\"><\/p>\n<div id=\"mvp-content-main\">\n<p><strong>Daxili i\u015fl\u0259r orqanlar\u0131nda yeni t\u0259yinatlar olub.<\/strong><\/p>\n<p><strong><a target=\"_blank\" href=\"https:\/\/Millinews.az\" rel=\"noopener\">Millinews.az<\/a> <\/strong>x\u0259b\u0259r verir ki, daxili i\u015fl\u0259r naziri general-polkovnik Vilay\u0259t Eyvazovun imzalad\u0131\u011f\u0131 \u0259mrl\u0259 Z\u0259rdab Rayon Polis \u015e\u00f6b\u0259sinin r\u0259isi, polis polkovnik-leytenant\u0131 Az\u0259r \u018ff\u0259ndiyev v\u0259zif\u0259d\u0259n azad edilib. Dig\u0259r \u0259mrl\u0259 o, Qusar Rayon Polis \u015e\u00f6b\u0259sinin r\u0259isi t\u0259yin edilib.<\/p>\n<p>Bundan ba\u015fqa, Qarada\u011f RP\u0130-nin 10-cu Polis \u015e\u00f6b\u0259sinin r\u0259isi Ramil Salayev Z\u0259rdab RP\u015e-nin r\u0259isi t\u0259yin edilib.<\/p>\n<p>H\u0259m\u00e7inin Qusar RP\u015e-nin r\u0259isi, polis polkovniki Eldar \u0130lyasov ya\u015f h\u0259ddi il\u0259 \u0259laq\u0259dar t\u0259qa\u00fcd\u0259 g\u00f6nd\u0259rilib. (&#8220;Qafqazinfo&#8221;)<\/p>\n<\/p><\/div>\n<p><script>\n        (function (d, s, id) {\n            var js, fjs = d.getElementsByTagName(s)[0];\n            if (d.getElementById(id)) return;\n            js = d.createElement(s);\n            js.id = id;\n            js.src = \"\/\/connect.facebook.net\/az_AZ\/sdk.js#xfbml=1&version=v2.7&appId=\";\n            fjs.parentNode.insertBefore(js, fjs);\n        }(document, 'script', 'facebook-jssdk'));\n    <\/script><\/p>\n","protected":false},"excerpt":{"rendered":"<p>Daxili i\u015fl\u0259r orqanlar\u0131nda yeni t\u0259yinatlar olub. Millinews.az x\u0259b\u0259r verir ki, daxili i\u015fl\u0259r naziri general-polkovnik Vilay\u0259t Eyvazovun imzalad\u0131\u011f\u0131 \u0259mrl\u0259 Z\u0259rdab Rayon Polis \u015e\u00f6b\u0259sinin r\u0259isi, polis polkovnik-leytenant\u0131 Az\u0259r \u018ff\u0259ndiyev v\u0259zif\u0259d\u0259n azad edilib. Dig\u0259r \u0259mrl\u0259 o, Qusar Rayon Polis \u015e\u00f6b\u0259sinin r\u0259isi t\u0259yin edilib. Bundan ba\u015fqa, Qarada\u011f RP\u0130-nin 10-cu Polis \u015e\u00f6b\u0259sinin r\u0259isi Ramil Salayev Z\u0259rdab RP\u015e-nin r\u0259isi t\u0259yin edilib. &hellip;<\/p>\n","protected":false},"author":1,"featured_media":5469,"comment_status":"open","ping_status":"closed","sticky":false,"template":"","format":"standard","meta":{"footnotes":""},"categories":[9],"tags":[],"class_list":["post-5468","post","type-post","status-publish","format-standard","has-post-thumbnail","hentry","category-xeber"],"_links":{"self":[{"href":"https:\/\/millitv.net\/index.php?rest_route=\/wp\/v2\/posts\/5468","targetHints":{"allow":["GET"]}}],"collection":[{"href":"https:\/\/millitv.net\/index.php?rest_route=\/wp\/v2\/posts"}],"about":[{"href":"https:\/\/millitv.net\/index.php?rest_route=\/wp\/v2\/types\/post"}],"author":[{"embeddable":true,"href":"https:\/\/millitv.net\/index.php?rest_route=\/wp\/v2\/users\/1"}],"replies":[{"embeddable":true,"href":"https:\/\/millitv.net\/index.php?rest_route=%2Fwp%2Fv2%2Fcomments&post=5468"}],"version-history":[{"count":0,"href":"https:\/\/millitv.net\/index.php?rest_route=\/wp\/v2\/posts\/5468\/revisions"}],"wp:featuredmedia":[{"embeddable":true,"href":"https:\/\/millitv.net\/index.php?rest_route=\/wp\/v2\/media\/5469"}],"wp:attachment":[{"href":"https:\/\/millitv.net\/index.php?rest_route=%2Fwp%2Fv2%2Fmedia&parent=5468"}],"wp:term":[{"taxonomy":"category","embeddable":true,"href":"https:\/\/millitv.net\/index.php?rest_route=%2Fwp%2Fv2%2Fcategories&post=5468"},{"taxonomy":"post_tag","embeddable":true,"href":"https:\/\/millitv.net\/index.php?rest_route=%2Fwp%2Fv2%2Ftags&post=5468"}],"curies":[{"name":"wp","href":"https:\/\/api.w.org\/{rel}","templated":true}]}}