{"id":5460,"date":"2023-10-26T19:12:03","date_gmt":"2023-10-26T19:12:03","guid":{"rendered":"https:\/\/millinews.az\/xeber\/erdogan-turkm%C9%99nistan-liderin%C9%99-bu-canlini-h%C9%99diyy%C9%99-etdi\/"},"modified":"2023-10-26T19:12:03","modified_gmt":"2023-10-26T19:12:03","slug":"erdogan-turkm%C9%99nistan-liderin%C9%99-bu-canlini-h%C9%99diyy%C9%99-etdi","status":"publish","type":"post","link":"https:\/\/millitv.net\/?p=5460","title":{"rendered":"\u018frdo\u011fan T\u00fcrkm\u0259nistan liderin\u0259 bu canl\u0131n\u0131 h\u0259diyy\u0259 etdi"},"content":{"rendered":"<p><img decoding=\"async\" src=\"https:\/\/Millinews.az\/storage\/2023\/10\/26\/erdogan_serdar.jpg\" alt=\"\" title=\"\"><\/p>\n<div id=\"mvp-content-main\">\n<p><strong>X\u0259b\u0259r verdiyimiz kimi, T\u00fcrkm\u0259nistan Prezidenti S\u0259rdar Berdumuhammedov bu g\u00fcn T\u00fcrkiy\u0259y\u0259 r\u0259smi s\u0259f\u0259r\u0259 g\u0259lib.<\/strong><\/p>\n<p><strong><a target=\"_blank\" href=\"https:\/\/Millinews.az\" rel=\"noopener\">Millinews.az<\/a><\/strong> x\u0259b\u0259r verir ki, liderl\u0259rin g\u00f6r\u00fc\u015f\u00fc zaman\u0131 maraql\u0131 anlar ya\u015fan\u0131b.<\/p>\n<p>Bel\u0259 ki, T\u00fcrkiy\u0259 Prezidenti R\u0259c\u0259b Tayyib \u018frdo\u011fan t\u00fcrm\u0259nistranl\u0131 h\u0259mkar\u0131na kangal (it cinsi) balas\u0131,  Berdumuhammedov is\u0259 T\u00fcrkiy\u0259 liderin\u0259 alabay (it cinsi) balas\u0131 h\u0259diyy\u0259 edib.<\/p>\n<p>G\u00f6r\u00fc\u015f zaman\u0131 lent\u0259 al\u0131nan fotolar\u0131 t\u0259qdim edirik:<\/p>\n<\/p><\/div>\n<p><script>\n        (function (d, s, id) {\n            var js, fjs = d.getElementsByTagName(s)[0];\n            if (d.getElementById(id)) return;\n            js = d.createElement(s);\n            js.id = id;\n            js.src = \"\/\/connect.facebook.net\/az_AZ\/sdk.js#xfbml=1&version=v2.7&appId=\";\n            fjs.parentNode.insertBefore(js, fjs);\n        }(document, 'script', 'facebook-jssdk'));\n    <\/script><\/p>\n","protected":false},"excerpt":{"rendered":"<p>X\u0259b\u0259r verdiyimiz kimi, T\u00fcrkm\u0259nistan Prezidenti S\u0259rdar Berdumuhammedov bu g\u00fcn T\u00fcrkiy\u0259y\u0259 r\u0259smi s\u0259f\u0259r\u0259 g\u0259lib. Millinews.az x\u0259b\u0259r verir ki, liderl\u0259rin g\u00f6r\u00fc\u015f\u00fc zaman\u0131 maraql\u0131 anlar ya\u015fan\u0131b. Bel\u0259 ki, T\u00fcrkiy\u0259 Prezidenti R\u0259c\u0259b Tayyib \u018frdo\u011fan t\u00fcrm\u0259nistranl\u0131 h\u0259mkar\u0131na kangal (it cinsi) balas\u0131, Berdumuhammedov is\u0259 T\u00fcrkiy\u0259 liderin\u0259 alabay (it cinsi) balas\u0131 h\u0259diyy\u0259 edib. G\u00f6r\u00fc\u015f zaman\u0131 lent\u0259 al\u0131nan fotolar\u0131 t\u0259qdim edirik:<\/p>\n","protected":false},"author":1,"featured_media":5461,"comment_status":"open","ping_status":"closed","sticky":false,"template":"","format":"standard","meta":{"footnotes":""},"categories":[9],"tags":[],"class_list":["post-5460","post","type-post","status-publish","format-standard","has-post-thumbnail","hentry","category-xeber"],"_links":{"self":[{"href":"https:\/\/millitv.net\/index.php?rest_route=\/wp\/v2\/posts\/5460","targetHints":{"allow":["GET"]}}],"collection":[{"href":"https:\/\/millitv.net\/index.php?rest_route=\/wp\/v2\/posts"}],"about":[{"href":"https:\/\/millitv.net\/index.php?rest_route=\/wp\/v2\/types\/post"}],"author":[{"embeddable":true,"href":"https:\/\/millitv.net\/index.php?rest_route=\/wp\/v2\/users\/1"}],"replies":[{"embeddable":true,"href":"https:\/\/millitv.net\/index.php?rest_route=%2Fwp%2Fv2%2Fcomments&post=5460"}],"version-history":[{"count":0,"href":"https:\/\/millitv.net\/index.php?rest_route=\/wp\/v2\/posts\/5460\/revisions"}],"wp:featuredmedia":[{"embeddable":true,"href":"https:\/\/millitv.net\/index.php?rest_route=\/wp\/v2\/media\/5461"}],"wp:attachment":[{"href":"https:\/\/millitv.net\/index.php?rest_route=%2Fwp%2Fv2%2Fmedia&parent=5460"}],"wp:term":[{"taxonomy":"category","embeddable":true,"href":"https:\/\/millitv.net\/index.php?rest_route=%2Fwp%2Fv2%2Fcategories&post=5460"},{"taxonomy":"post_tag","embeddable":true,"href":"https:\/\/millitv.net\/index.php?rest_route=%2Fwp%2Fv2%2Ftags&post=5460"}],"curies":[{"name":"wp","href":"https:\/\/api.w.org\/{rel}","templated":true}]}}