{"id":5450,"date":"2023-10-26T18:20:01","date_gmt":"2023-10-26T18:20:01","guid":{"rendered":"https:\/\/millinews.az\/xeber\/bayer-04-v%C9%99-qarabagin-start-hey%C9%99tl%C9%99ri-b%C9%99lli-oldu\/"},"modified":"2023-10-26T18:20:01","modified_gmt":"2023-10-26T18:20:01","slug":"bayer-04-v%C9%99-qarabagin-start-hey%C9%99tl%C9%99ri-b%C9%99lli-oldu","status":"publish","type":"post","link":"https:\/\/millitv.net\/?p=5450","title":{"rendered":"\u201cBayer 04\u201d v\u0259 \u201cQaraba\u011f\u201d\u0131n start hey\u0259tl\u0259ri b\u0259lli oldu"},"content":{"rendered":"<p><img decoding=\"async\" src=\"https:\/\/Millinews.az\/storage\/2023\/10\/26\/avropa_liqasi.jpg\" alt=\"\" title=\"\"><\/p>\n<div id=\"mvp-content-main\">\n<p><strong>UEFA Avropa Liqas\u0131n\u0131n qrup m\u0259rh\u0259l\u0259sinin III turunda Almaniyada \u00fcz-\u00fcz\u0259 g\u0259l\u0259c\u0259k \u201cBayer 04\u201d v\u0259 \u201cQaraba\u011f\u201d\u0131n start hey\u0259tl\u0259ri b\u0259lli olub.<\/strong><\/p>\n<p><strong><a target=\"_blank\" href=\"https:\/\/Millinews.az\" rel=\"noopener\">Millinews.az<\/a> <\/strong>x\u0259b\u0259r verir ki, komandalar meydana a\u015fa\u011f\u0131dak\u0131 \u201c11-lik\u201dl\u0259rl\u0259 \u00e7\u0131xacaqlar:<\/p>\n<p>\u201cBayer 04\u201d: 17. Matey Kovar, 6. Odilon Kassunu, 12. Edmond Tapsoba, 3. Ptero Hinkapye, 20. Alexandro Qrimaldo, 8. Robert Endrix (k), 34. Qranit Caka, 19. Natan Tella, 10. Florian Virts, 21. Amin Adli, 22. Viktor Bonifase.<\/p>\n<p>\u201cQaraba\u011f\u201d: 99. Andrey Lunyov, 44. Elvin C\u0259f\u0259rquliyev, 81. Kevin Medina, 13. B\u0259hlul Mustafazad\u0259, 2. Mateus Silva, 8. Marko Yankovi\u00e7, 6. Julio Romao, 15 Leandro Andrade, 10. Abdullah Zubir (k), 27. Toral Bayramov, 18. Juninyo Olavio.<\/p>\n<p>Qeyd ed\u0259k ki, bu g\u00fcn \u201cBay Arena\u201dda realla\u015facaq g\u00f6r\u00fc\u015f Bak\u0131 vaxt\u0131 il\u0259 saat 23:00-da ba\u015flanacaq.<\/p>\n<\/p><\/div>\n<p><script>\n        (function (d, s, id) {\n            var js, fjs = d.getElementsByTagName(s)[0];\n            if (d.getElementById(id)) return;\n            js = d.createElement(s);\n            js.id = id;\n            js.src = \"\/\/connect.facebook.net\/az_AZ\/sdk.js#xfbml=1&version=v2.7&appId=\";\n            fjs.parentNode.insertBefore(js, fjs);\n        }(document, 'script', 'facebook-jssdk'));\n    <\/script><\/p>\n","protected":false},"excerpt":{"rendered":"<p>UEFA Avropa Liqas\u0131n\u0131n qrup m\u0259rh\u0259l\u0259sinin III turunda Almaniyada \u00fcz-\u00fcz\u0259 g\u0259l\u0259c\u0259k \u201cBayer 04\u201d v\u0259 \u201cQaraba\u011f\u201d\u0131n start hey\u0259tl\u0259ri b\u0259lli olub. Millinews.az x\u0259b\u0259r verir ki, komandalar meydana a\u015fa\u011f\u0131dak\u0131 \u201c11-lik\u201dl\u0259rl\u0259 \u00e7\u0131xacaqlar: \u201cBayer 04\u201d: 17. Matey Kovar, 6. Odilon Kassunu, 12. Edmond Tapsoba, 3. Ptero Hinkapye, 20. Alexandro Qrimaldo, 8. Robert Endrix (k), 34. Qranit Caka, 19. Natan Tella, 10. &hellip;<\/p>\n","protected":false},"author":1,"featured_media":5451,"comment_status":"open","ping_status":"closed","sticky":false,"template":"","format":"standard","meta":{"footnotes":""},"categories":[9],"tags":[],"class_list":["post-5450","post","type-post","status-publish","format-standard","has-post-thumbnail","hentry","category-xeber"],"_links":{"self":[{"href":"https:\/\/millitv.net\/index.php?rest_route=\/wp\/v2\/posts\/5450","targetHints":{"allow":["GET"]}}],"collection":[{"href":"https:\/\/millitv.net\/index.php?rest_route=\/wp\/v2\/posts"}],"about":[{"href":"https:\/\/millitv.net\/index.php?rest_route=\/wp\/v2\/types\/post"}],"author":[{"embeddable":true,"href":"https:\/\/millitv.net\/index.php?rest_route=\/wp\/v2\/users\/1"}],"replies":[{"embeddable":true,"href":"https:\/\/millitv.net\/index.php?rest_route=%2Fwp%2Fv2%2Fcomments&post=5450"}],"version-history":[{"count":0,"href":"https:\/\/millitv.net\/index.php?rest_route=\/wp\/v2\/posts\/5450\/revisions"}],"wp:featuredmedia":[{"embeddable":true,"href":"https:\/\/millitv.net\/index.php?rest_route=\/wp\/v2\/media\/5451"}],"wp:attachment":[{"href":"https:\/\/millitv.net\/index.php?rest_route=%2Fwp%2Fv2%2Fmedia&parent=5450"}],"wp:term":[{"taxonomy":"category","embeddable":true,"href":"https:\/\/millitv.net\/index.php?rest_route=%2Fwp%2Fv2%2Fcategories&post=5450"},{"taxonomy":"post_tag","embeddable":true,"href":"https:\/\/millitv.net\/index.php?rest_route=%2Fwp%2Fv2%2Ftags&post=5450"}],"curies":[{"name":"wp","href":"https:\/\/api.w.org\/{rel}","templated":true}]}}