{"id":545,"date":"2023-08-25T20:26:11","date_gmt":"2023-08-25T20:26:11","guid":{"rendered":"https:\/\/millinews.az\/?p=545"},"modified":"2023-08-25T20:26:12","modified_gmt":"2023-08-25T20:26:12","slug":"ged%c9%99k-bizim-evimizd%c9%99-bir-cay-ic%c9%99k-prezidentl%c9%99-s%c9%99mimi-sohb%c9%99t-foto","status":"publish","type":"post","link":"https:\/\/millitv.net\/?p=545","title":{"rendered":"&#8220;Ged\u0259k bizim evimizd\u0259 bir \u00e7ay i\u00e7\u0259k&#8221; &#8211; Prezidentl\u0259 s\u0259mimi s\u00f6hb\u0259t &#8211; FOTO"},"content":{"rendered":"\n<p><strong>X\u0259b\u0259r verdiyimiz kimi, Prezident \u0130lham \u018fliyev v\u0259 birinci xan\u0131m Mehriban \u018fliyeva bu g\u00fcn La\u00e7\u0131n rayon 2 n\u00f6mr\u0259li tam orta m\u0259kt\u0259bin \u0259sasl\u0131 t\u0259mird\u0259n sonra a\u00e7\u0131l\u0131\u015f\u0131nda i\u015ftirak edibl\u0259r.<\/strong><\/p>\n\n\n\n<p>Metbuat.az x\u0259b\u0259r verir ki, d\u00f6vl\u0259t ba\u015f\u00e7\u0131s\u0131 v\u0259 birinci xan\u0131m \u0259vv\u0259lc\u0259 La\u00e7\u0131ndan olan sakinl\u0259rl\u0259 g\u00f6r\u00fc\u015f\u00fcb v\u0259 onlarla s\u00f6hb\u0259t edibl\u0259r.<\/p>\n\n\n\n<p>Ki\u015fi sakin: Anam 46 il burada m\u00fc\u0259llim i\u015fl\u0259yib. Biz anam t\u0259r\u0259fd\u0259n b\u00f6y\u00fck n\u0259sil-k\u00f6k\u00fck.<\/p>\n\n\n\n<p>Mehriban xan\u0131m \u018fliyeva: Bura c\u0259nn\u0259tdir. N\u0259 q\u0259\u015f\u0259ng q\u0131zd\u0131r.<\/p>\n\n\n\n<p>Balaca q\u0131z: Ged\u0259k bizim evimizd\u0259 bir \u00e7ay i\u00e7\u0259k.<\/p>\n\n\n\n<p>Prezident \u0130lham \u018fliyev: Sa\u011f ol, bala, \u00e7ox sa\u011f ol. H\u0259l\u0259 \u00e7ox g\u0259l\u0259c\u0259yik. Sa\u011f olun. Siz\u0259 cansa\u011fl\u0131\u011f\u0131 v\u0259 u\u011furlar.<\/p>\n\n\n\n<p>Qad\u0131n sakin: Sa\u011f olun.<\/p>\n\n\n\n<p>Mehriban xan\u0131m \u018fliyeva: Sa\u011f olun.<\/p>\n\n\n\n<figure class=\"wp-block-image\"><img decoding=\"async\" src=\"https:\/\/qafqazinfo.az\/uploads\/1692990264\/16929864196332819114_1000x669.jpeg\" alt=\"\" title=\"\"><\/figure>\n\n\n\n<figure class=\"wp-block-image\"><img decoding=\"async\" src=\"https:\/\/qafqazinfo.az\/uploads\/1692990264\/16929864191038611225_1000x669.jpeg\" alt=\"\" title=\"\"><\/figure>\n\n\n\n<figure class=\"wp-block-image\"><img decoding=\"async\" src=\"https:\/\/qafqazinfo.az\/uploads\/1692990489\/16929864195528821204_1000x669__1_.jpeg\" alt=\"\" title=\"\"><\/figure>\n","protected":false},"excerpt":{"rendered":"<p>X\u0259b\u0259r verdiyimiz kimi, Prezident \u0130lham \u018fliyev v\u0259 birinci xan\u0131m Mehriban \u018fliyeva bu g\u00fcn La\u00e7\u0131n rayon 2 n\u00f6mr\u0259li tam orta m\u0259kt\u0259bin \u0259sasl\u0131 t\u0259mird\u0259n sonra a\u00e7\u0131l\u0131\u015f\u0131nda i\u015ftirak edibl\u0259r. Metbuat.az x\u0259b\u0259r verir ki, d\u00f6vl\u0259t ba\u015f\u00e7\u0131s\u0131 v\u0259 birinci xan\u0131m \u0259vv\u0259lc\u0259 La\u00e7\u0131ndan olan sakinl\u0259rl\u0259 g\u00f6r\u00fc\u015f\u00fcb v\u0259 onlarla s\u00f6hb\u0259t edibl\u0259r. Ki\u015fi sakin: Anam 46 il burada m\u00fc\u0259llim i\u015fl\u0259yib. Biz anam t\u0259r\u0259fd\u0259n &hellip;<\/p>\n","protected":false},"author":1,"featured_media":546,"comment_status":"open","ping_status":"closed","sticky":false,"template":"","format":"standard","meta":{"footnotes":""},"categories":[3],"tags":[],"class_list":["post-545","post","type-post","status-publish","format-standard","has-post-thumbnail","hentry","category-olke"],"_links":{"self":[{"href":"https:\/\/millitv.net\/index.php?rest_route=\/wp\/v2\/posts\/545","targetHints":{"allow":["GET"]}}],"collection":[{"href":"https:\/\/millitv.net\/index.php?rest_route=\/wp\/v2\/posts"}],"about":[{"href":"https:\/\/millitv.net\/index.php?rest_route=\/wp\/v2\/types\/post"}],"author":[{"embeddable":true,"href":"https:\/\/millitv.net\/index.php?rest_route=\/wp\/v2\/users\/1"}],"replies":[{"embeddable":true,"href":"https:\/\/millitv.net\/index.php?rest_route=%2Fwp%2Fv2%2Fcomments&post=545"}],"version-history":[{"count":0,"href":"https:\/\/millitv.net\/index.php?rest_route=\/wp\/v2\/posts\/545\/revisions"}],"wp:featuredmedia":[{"embeddable":true,"href":"https:\/\/millitv.net\/index.php?rest_route=\/wp\/v2\/media\/546"}],"wp:attachment":[{"href":"https:\/\/millitv.net\/index.php?rest_route=%2Fwp%2Fv2%2Fmedia&parent=545"}],"wp:term":[{"taxonomy":"category","embeddable":true,"href":"https:\/\/millitv.net\/index.php?rest_route=%2Fwp%2Fv2%2Fcategories&post=545"},{"taxonomy":"post_tag","embeddable":true,"href":"https:\/\/millitv.net\/index.php?rest_route=%2Fwp%2Fv2%2Ftags&post=545"}],"curies":[{"name":"wp","href":"https:\/\/api.w.org\/{rel}","templated":true}]}}