{"id":5443,"date":"2023-10-26T17:56:35","date_gmt":"2023-10-26T17:56:35","guid":{"rendered":"https:\/\/millinews.az\/xeber\/vilay%C9%99t-eyvazov-bu-rayonlara-r%C9%99is-t%C9%99yin-etdi\/"},"modified":"2023-10-26T17:56:35","modified_gmt":"2023-10-26T17:56:35","slug":"vilay%C9%99t-eyvazov-bu-rayonlara-r%C9%99is-t%C9%99yin-etdi","status":"publish","type":"post","link":"https:\/\/millitv.net\/?p=5443","title":{"rendered":"Vilay\u0259t Eyvazov bu rayonlara r\u0259is t\u0259yin etdi"},"content":{"rendered":"<div id=\"maincontent\">&#13;<br \/>\n        &#13;<\/p>\n<p><strong>Daxili i\u015fl\u0259r orqanlar\u0131nda yeni t\u0259yinatlar olub.<\/strong><\/p>\n<p>Daxili i\u015fl\u0259r naziri general-polkovnik Vilay\u0259t Eyvazovun imzalad\u0131\u011f\u0131 \u0259mrl\u0259 Z\u0259rdab Rayon Polis \u015e\u00f6b\u0259sinin r\u0259isi, polis polkovnik-leytenant\u0131 Az\u0259r \u018ff\u0259ndiyev v\u0259zif\u0259d\u0259n azad edilib. Dig\u0259r \u0259mrl\u0259 o, Qusar Rayon Polis \u015e\u00f6b\u0259sinin r\u0259isi t\u0259yin edilib. &#13;\n<\/p>\n<p>Bundan ba\u015fqa, Qarada\u011f RP\u0130-nin 10-cu Polis \u015e\u00f6b\u0259sinin r\u0259isi Ramil Salayev Z\u0259rdab RP\u015e-nin r\u0259isi t\u0259yin edilib.<\/p>\n<p>H\u0259m\u00e7inin Qusar RP\u015e-nin r\u0259isi, polis polkovniki Eldar \u0130lyasov ya\u015f h\u0259ddi il\u0259 \u0259laq\u0259dar t\u0259qa\u00fcd\u0259 g\u00f6nd\u0259rilib.&#13;<br \/>\n        &#13;<br \/>\n&#13;<br \/>\n        &#13;<br \/>\n&#13;\n        <\/p>\n<p><noscript><\/p>\n<p>You must enable Javascript on your browser for the site to work optimally and display sections completely.<\/p>\n<p><\/noscript>\t\t&#13;<br \/>\n\t\t&#13;\n    <\/div>\n<p><script type=\"text\/javascript\">jQuery(document).ready(function () {\n(function(d, s, id) {\n    var js, fjs = d.getElementsByTagName(s)[0];\n    if (d.getElementById(id))\n        return;\n    js = d.createElement(s);\n    js.id = id;\n    js.src = \"\/\/connect.facebook.net\/az_AZ\/all.js#xfbml=1&appId=1002485763137712\";\n    fjs.parentNode.insertBefore(js, fjs);\n}(document, 'script', 'facebook-jssdk'));                \n});<\/script><\/p>\n","protected":false},"excerpt":{"rendered":"<p>&#13; &#13; Daxili i\u015fl\u0259r orqanlar\u0131nda yeni t\u0259yinatlar olub. Daxili i\u015fl\u0259r naziri general-polkovnik Vilay\u0259t Eyvazovun imzalad\u0131\u011f\u0131 \u0259mrl\u0259 Z\u0259rdab Rayon Polis \u015e\u00f6b\u0259sinin r\u0259isi, polis polkovnik-leytenant\u0131 Az\u0259r \u018ff\u0259ndiyev v\u0259zif\u0259d\u0259n azad edilib. Dig\u0259r \u0259mrl\u0259 o, Qusar Rayon Polis \u015e\u00f6b\u0259sinin r\u0259isi t\u0259yin edilib. &#13; Bundan ba\u015fqa, Qarada\u011f RP\u0130-nin 10-cu Polis \u015e\u00f6b\u0259sinin r\u0259isi Ramil Salayev Z\u0259rdab RP\u015e-nin r\u0259isi t\u0259yin edilib. H\u0259m\u00e7inin &hellip;<\/p>\n","protected":false},"author":1,"featured_media":5444,"comment_status":"open","ping_status":"closed","sticky":false,"template":"","format":"standard","meta":{"footnotes":""},"categories":[9],"tags":[],"class_list":["post-5443","post","type-post","status-publish","format-standard","has-post-thumbnail","hentry","category-xeber"],"_links":{"self":[{"href":"https:\/\/millitv.net\/index.php?rest_route=\/wp\/v2\/posts\/5443","targetHints":{"allow":["GET"]}}],"collection":[{"href":"https:\/\/millitv.net\/index.php?rest_route=\/wp\/v2\/posts"}],"about":[{"href":"https:\/\/millitv.net\/index.php?rest_route=\/wp\/v2\/types\/post"}],"author":[{"embeddable":true,"href":"https:\/\/millitv.net\/index.php?rest_route=\/wp\/v2\/users\/1"}],"replies":[{"embeddable":true,"href":"https:\/\/millitv.net\/index.php?rest_route=%2Fwp%2Fv2%2Fcomments&post=5443"}],"version-history":[{"count":0,"href":"https:\/\/millitv.net\/index.php?rest_route=\/wp\/v2\/posts\/5443\/revisions"}],"wp:featuredmedia":[{"embeddable":true,"href":"https:\/\/millitv.net\/index.php?rest_route=\/wp\/v2\/media\/5444"}],"wp:attachment":[{"href":"https:\/\/millitv.net\/index.php?rest_route=%2Fwp%2Fv2%2Fmedia&parent=5443"}],"wp:term":[{"taxonomy":"category","embeddable":true,"href":"https:\/\/millitv.net\/index.php?rest_route=%2Fwp%2Fv2%2Fcategories&post=5443"},{"taxonomy":"post_tag","embeddable":true,"href":"https:\/\/millitv.net\/index.php?rest_route=%2Fwp%2Fv2%2Ftags&post=5443"}],"curies":[{"name":"wp","href":"https:\/\/api.w.org\/{rel}","templated":true}]}}