{"id":5437,"date":"2023-10-26T17:30:08","date_gmt":"2023-10-26T17:30:08","guid":{"rendered":"https:\/\/millinews.az\/xeber\/kecmis-h%C9%99yat-yoldasini-goz%C9%99llik-salonunda-oldurdu\/"},"modified":"2023-10-26T17:30:08","modified_gmt":"2023-10-26T17:30:08","slug":"kecmis-h%C9%99yat-yoldasini-goz%C9%99llik-salonunda-oldurdu","status":"publish","type":"post","link":"https:\/\/millitv.net\/?p=5437","title":{"rendered":"Ke\u00e7mi\u015f h\u0259yat yolda\u015f\u0131n\u0131 g\u00f6z\u0259llik salonunda \u00f6ld\u00fcrd\u00fc"},"content":{"rendered":"<div id=\"maincontent\">&#13;<br \/>\n        &#13;<\/p>\n<p><strong>Bak\u0131da ke\u00e7mi\u015f h\u0259yat yolda\u015f\u0131n\u0131 \u00f6ld\u00fcrm\u0259kd\u0259 \u015f\u00fcbh\u0259li bilin\u0259n \u015f\u0259xs saxlan\u0131l\u0131b.<\/strong><\/p>\n<p>D\u0130N-in m\u0259tbuat xidm\u0259tind\u0259n bildirilib ki, oktyabr\u0131n 26-d\u0259 saat 19 rad\u0259l\u0259rind\u0259 paytaxt\u0131n X\u0259tai rayonunda 1987-ci il t\u0259v\u0259ll\u00fcdl\u00fc P\u0259rvan\u0259 Mirkaz\u0131m q\u0131z\u0131 Tanr\u0131verdiyevan\u0131n k\u0259silmi\u015f-de\u015filmi\u015f x\u0259sar\u0259tl\u0259rd\u0259n \u00f6lm\u0259si bar\u0259d\u0259 polis\u0259 m\u0259lumat daxil olub.<\/p>\n<p>Cinay\u0259t \u0259m\u0259lini t\u00f6r\u0259tm\u0259kd\u0259 \u015f\u00fcbh\u0259li bilin\u0259n, qad\u0131n\u0131n ke\u00e7mi\u015f h\u0259yat yolda\u015f\u0131 1982-ci t\u0259v\u0259ll\u00fcdl\u00fc Zamin Teyyub o\u011flu Tanr\u0131verdiyev k\u00f6n\u00fcll\u00fc polis\u0259 g\u0259l\u0259r\u0259k t\u0259slim olub.<\/p>\n<p>\u0130lkin m\u0259lumata g\u00f6r\u0259, hadis\u0259 q\u0131sqancl\u0131q z\u0259minind\u0259 ba\u015f verib.<\/p>\n<p>***<\/p>\n<p>Bak\u0131da g\u00f6z\u0259llik salonunda t\u00f6r\u0259dil\u0259n q\u0259tll\u0259 ba\u011fl\u0131 cinay\u0259t i\u015fi ba\u015flan\u0131b.<\/p>\n<p>Bu bar\u0259d\u0259 X\u0259tai rayon prokurorlu\u011fundan bildirilib.<\/p>\n<p>Oktyabr\u0131n 26-s\u0131 1987-ci il t\u0259v\u0259ll\u00fcdl\u00fc P\u0259rvan\u0259 Tanr\u0131verdiyevan\u0131n \u00f6lm\u0259si bar\u0259d\u0259 rayon prokurorlu\u011funa m\u0259lumat daxil olub.<\/p>\n<p>Ara\u015fd\u0131rmalarla 1982-ci il t\u0259v\u0259ll\u00fcdl\u00fc Zamin Tanr\u0131verdiyevin X\u0259tai rayonu \u0259razisind\u0259 yerl\u0259\u015f\u0259n g\u00f6z\u0259llik salonlar\u0131n\u0131n birind\u0259 aralar\u0131nda yaranm\u0131\u015f m\u00fcbahis\u0259 zaman\u0131 P\u0259rvan\u0259 Tanr\u0131verdiyevaya k\u0259sici-de\u015fici al\u0259tl\u0259 x\u0259sar\u0259tl\u0259r yetir\u0259r\u0259k q\u0259sd\u0259n \u00f6ld\u00fcrm\u0259sin\u0259 \u0259sasl\u0131 \u015f\u00fcbh\u0259l\u0259r m\u00fc\u0259yy\u0259n edilib.<\/p>\n<p>Faktla ba\u011fl\u0131 X\u0259tai rayon prokurorlu\u011funda Cinay\u0259t M\u0259c\u0259ll\u0259sinin 120.1-ci (q\u0259sd\u0259n adam \u00f6ld\u00fcrm\u0259) madd\u0259sil\u0259 cinay\u0259t i\u015fi ba\u015flan\u0131b, Zamin Tanr\u0131verdiyev \u015f\u00fcbh\u0259li \u015f\u0259xs qismind\u0259 tutulub.<\/p>\n<p>&#13;<br \/>\n        &#13;<br \/>\n&#13;<br \/>\n        &#13;<br \/>\n&#13;<\/p>\n<p><noscript><\/p>\n<p>You must enable Javascript on your browser for the site to work optimally and display sections completely.<\/p>\n<p><\/noscript>\t\t&#13;<br \/>\n\t\t&#13;\n    <\/div>\n<p><script type=\"text\/javascript\">jQuery(document).ready(function () {\n(function(d, s, id) {\n    var js, fjs = d.getElementsByTagName(s)[0];\n    if (d.getElementById(id))\n        return;\n    js = d.createElement(s);\n    js.id = id;\n    js.src = \"\/\/connect.facebook.net\/az_AZ\/all.js#xfbml=1&appId=1002485763137712\";\n    fjs.parentNode.insertBefore(js, fjs);\n}(document, 'script', 'facebook-jssdk'));                \n});<\/script><\/p>\n","protected":false},"excerpt":{"rendered":"<p>&#13; &#13; Bak\u0131da ke\u00e7mi\u015f h\u0259yat yolda\u015f\u0131n\u0131 \u00f6ld\u00fcrm\u0259kd\u0259 \u015f\u00fcbh\u0259li bilin\u0259n \u015f\u0259xs saxlan\u0131l\u0131b. D\u0130N-in m\u0259tbuat xidm\u0259tind\u0259n bildirilib ki, oktyabr\u0131n 26-d\u0259 saat 19 rad\u0259l\u0259rind\u0259 paytaxt\u0131n X\u0259tai rayonunda 1987-ci il t\u0259v\u0259ll\u00fcdl\u00fc P\u0259rvan\u0259 Mirkaz\u0131m q\u0131z\u0131 Tanr\u0131verdiyevan\u0131n k\u0259silmi\u015f-de\u015filmi\u015f x\u0259sar\u0259tl\u0259rd\u0259n \u00f6lm\u0259si bar\u0259d\u0259 polis\u0259 m\u0259lumat daxil olub. Cinay\u0259t \u0259m\u0259lini t\u00f6r\u0259tm\u0259kd\u0259 \u015f\u00fcbh\u0259li bilin\u0259n, qad\u0131n\u0131n ke\u00e7mi\u015f h\u0259yat yolda\u015f\u0131 1982-ci t\u0259v\u0259ll\u00fcdl\u00fc Zamin Teyyub o\u011flu Tanr\u0131verdiyev k\u00f6n\u00fcll\u00fc &hellip;<\/p>\n","protected":false},"author":1,"featured_media":5438,"comment_status":"open","ping_status":"closed","sticky":false,"template":"","format":"standard","meta":{"footnotes":""},"categories":[9],"tags":[],"class_list":["post-5437","post","type-post","status-publish","format-standard","has-post-thumbnail","hentry","category-xeber"],"_links":{"self":[{"href":"https:\/\/millitv.net\/index.php?rest_route=\/wp\/v2\/posts\/5437","targetHints":{"allow":["GET"]}}],"collection":[{"href":"https:\/\/millitv.net\/index.php?rest_route=\/wp\/v2\/posts"}],"about":[{"href":"https:\/\/millitv.net\/index.php?rest_route=\/wp\/v2\/types\/post"}],"author":[{"embeddable":true,"href":"https:\/\/millitv.net\/index.php?rest_route=\/wp\/v2\/users\/1"}],"replies":[{"embeddable":true,"href":"https:\/\/millitv.net\/index.php?rest_route=%2Fwp%2Fv2%2Fcomments&post=5437"}],"version-history":[{"count":0,"href":"https:\/\/millitv.net\/index.php?rest_route=\/wp\/v2\/posts\/5437\/revisions"}],"wp:featuredmedia":[{"embeddable":true,"href":"https:\/\/millitv.net\/index.php?rest_route=\/wp\/v2\/media\/5438"}],"wp:attachment":[{"href":"https:\/\/millitv.net\/index.php?rest_route=%2Fwp%2Fv2%2Fmedia&parent=5437"}],"wp:term":[{"taxonomy":"category","embeddable":true,"href":"https:\/\/millitv.net\/index.php?rest_route=%2Fwp%2Fv2%2Fcategories&post=5437"},{"taxonomy":"post_tag","embeddable":true,"href":"https:\/\/millitv.net\/index.php?rest_route=%2Fwp%2Fv2%2Ftags&post=5437"}],"curies":[{"name":"wp","href":"https:\/\/api.w.org\/{rel}","templated":true}]}}