{"id":5432,"date":"2023-10-26T17:10:31","date_gmt":"2023-10-26T17:10:31","guid":{"rendered":"https:\/\/millinews.az\/xeber\/erdogan-turkm%C9%99nistan-prezidentini-bel%C9%99-qarsiladi\/"},"modified":"2023-10-26T17:10:31","modified_gmt":"2023-10-26T17:10:31","slug":"erdogan-turkm%C9%99nistan-prezidentini-bel%C9%99-qarsiladi","status":"publish","type":"post","link":"https:\/\/millitv.net\/?p=5432","title":{"rendered":"\u018frdo\u011fan T\u00fcrkm\u0259nistan Prezidentini bel\u0259 qar\u015f\u0131lad\u0131"},"content":{"rendered":"<p><img decoding=\"async\" src=\"https:\/\/Millinews.az\/storage\/2023\/10\/26\/aa_picture_20231026_32527495.jpg\" alt=\"\" title=\"\"><\/p>\n<div id=\"mvp-content-main\">\n<p><strong>T\u00fcrkm\u0259nistan Prezidenti S\u0259rdar Berdim\u0259h\u0259mm\u0259dov T\u00fcrkiy\u0259d\u0259 r\u0259smi s\u0259f\u0259rd\u0259dir.<\/strong><\/p>\n<p><strong><a target=\"_blank\" href=\"https:\/\/Millinews.az\" rel=\"noopener\">Millinews.az<\/a> <\/strong>x\u0259b\u0259r verir ki, S\u00fcvaril\u0259r T\u00fcrkm\u0259nistan liderinin r\u0259smi avtomobilini Prezident Kompleksinin qar\u015f\u0131s\u0131ndak\u0131 k\u00fc\u00e7\u0259d\u0259 qar\u015f\u0131lay\u0131b v\u0259 ma\u015f\u0131n\u0131 protokol qap\u0131s\u0131na q\u0259d\u0259r m\u00fc\u015fayi\u0259t edibl\u0259r.<\/p>\n<p>Sonra 21 artilleriya at\u0259\u015finin m\u00fc\u015fayi\u0259ti il\u0259 iki \u00f6lk\u0259nin d\u00f6vl\u0259t himnl\u0259ri s\u0259sl\u0259ndirilib.<\/p>\n<p>R\u0259smi qar\u015f\u0131lanma m\u0259rasimind\u0259n sonra \u00f6lk\u0259 ba\u015f\u00e7\u0131lar\u0131 aras\u0131nda g\u00f6r\u00fc\u015f ke\u00e7irilib.<\/p>\n<p>Liderl\u0259r ikit\u0259r\u0259fli v\u0259 \u00e7oxt\u0259r\u0259fli \u0259m\u0259kda\u015fl\u0131q bar\u0259d\u0259 dan\u0131\u015f\u0131b, h\u0259m\u00e7inin qar\u015f\u0131l\u0131ql\u0131 maraq do\u011furan m\u0259s\u0259l\u0259l\u0259ri m\u00fczakir\u0259 edibl\u0259r.<\/p>\n<p>D\u00f6vl\u0259t ba\u015f\u00e7\u0131lar\u0131n\u0131n t\u0259kb\u0259t\u0259k v\u0259 geni\u015f t\u0259rkibli g\u00f6r\u00fc\u015fl\u0259rind\u0259n sonra birg\u0259 m\u0259tbuat konfrans\u0131, h\u0259m\u00e7inin s\u0259n\u0259dl\u0259rin imzalanmas\u0131 m\u0259rasimi ba\u015f tutacaq.<\/p>\n<p>Qeyd ed\u0259k ki, S.Berdim\u0259h\u0259mm\u0259dovun prezident kimi T\u00fcrkiy\u0259y\u0259 ilk r\u0259smi s\u0259f\u0259ri iki g\u00fcn davam ed\u0259c\u0259k.<\/p>\n<p>Xat\u0131rladaq ki, T\u00fcrkm\u0259nistan\u0131n m\u00fcst\u0259qilliyini ilk tan\u0131yan \u00f6lk\u0259 m\u0259hz T\u00fcrkiy\u0259 olub.<\/p>\n<p><iframe loading=\"lazy\" title=\"Prezident \u018frdo\u011fan T\u00fcrkm\u0259nistan prezidenti Berdim\u0259h\u0259mm\u0259dovu r\u0259smi m\u0259rasiml\u0259 qar\u015f\u0131lay\u0131b\" width=\"500\" height=\"281\" src=\"https:\/\/www.youtube.com\/embed\/FxjVPU83HzY?feature=oembed\" frameborder=\"0\" allow=\"accelerometer; autoplay; clipboard-write; encrypted-media; gyroscope; picture-in-picture; web-share\" referrerpolicy=\"strict-origin-when-cross-origin\" allowfullscreen><\/iframe><\/p>\n<\/p><\/div>\n<p><script>\n        (function (d, s, id) {\n            var js, fjs = d.getElementsByTagName(s)[0];\n            if (d.getElementById(id)) return;\n            js = d.createElement(s);\n            js.id = id;\n            js.src = \"\/\/connect.facebook.net\/az_AZ\/sdk.js#xfbml=1&version=v2.7&appId=\";\n            fjs.parentNode.insertBefore(js, fjs);\n        }(document, 'script', 'facebook-jssdk'));\n    <\/script><\/p>\n","protected":false},"excerpt":{"rendered":"<p>T\u00fcrkm\u0259nistan Prezidenti S\u0259rdar Berdim\u0259h\u0259mm\u0259dov T\u00fcrkiy\u0259d\u0259 r\u0259smi s\u0259f\u0259rd\u0259dir. Millinews.az x\u0259b\u0259r verir ki, S\u00fcvaril\u0259r T\u00fcrkm\u0259nistan liderinin r\u0259smi avtomobilini Prezident Kompleksinin qar\u015f\u0131s\u0131ndak\u0131 k\u00fc\u00e7\u0259d\u0259 qar\u015f\u0131lay\u0131b v\u0259 ma\u015f\u0131n\u0131 protokol qap\u0131s\u0131na q\u0259d\u0259r m\u00fc\u015fayi\u0259t edibl\u0259r. Sonra 21 artilleriya at\u0259\u015finin m\u00fc\u015fayi\u0259ti il\u0259 iki \u00f6lk\u0259nin d\u00f6vl\u0259t himnl\u0259ri s\u0259sl\u0259ndirilib. R\u0259smi qar\u015f\u0131lanma m\u0259rasimind\u0259n sonra \u00f6lk\u0259 ba\u015f\u00e7\u0131lar\u0131 aras\u0131nda g\u00f6r\u00fc\u015f ke\u00e7irilib. Liderl\u0259r ikit\u0259r\u0259fli v\u0259 \u00e7oxt\u0259r\u0259fli \u0259m\u0259kda\u015fl\u0131q bar\u0259d\u0259 dan\u0131\u015f\u0131b, &hellip;<\/p>\n","protected":false},"author":1,"featured_media":5433,"comment_status":"open","ping_status":"closed","sticky":false,"template":"","format":"standard","meta":{"footnotes":""},"categories":[9],"tags":[],"class_list":["post-5432","post","type-post","status-publish","format-standard","has-post-thumbnail","hentry","category-xeber"],"_links":{"self":[{"href":"https:\/\/millitv.net\/index.php?rest_route=\/wp\/v2\/posts\/5432","targetHints":{"allow":["GET"]}}],"collection":[{"href":"https:\/\/millitv.net\/index.php?rest_route=\/wp\/v2\/posts"}],"about":[{"href":"https:\/\/millitv.net\/index.php?rest_route=\/wp\/v2\/types\/post"}],"author":[{"embeddable":true,"href":"https:\/\/millitv.net\/index.php?rest_route=\/wp\/v2\/users\/1"}],"replies":[{"embeddable":true,"href":"https:\/\/millitv.net\/index.php?rest_route=%2Fwp%2Fv2%2Fcomments&post=5432"}],"version-history":[{"count":0,"href":"https:\/\/millitv.net\/index.php?rest_route=\/wp\/v2\/posts\/5432\/revisions"}],"wp:featuredmedia":[{"embeddable":true,"href":"https:\/\/millitv.net\/index.php?rest_route=\/wp\/v2\/media\/5433"}],"wp:attachment":[{"href":"https:\/\/millitv.net\/index.php?rest_route=%2Fwp%2Fv2%2Fmedia&parent=5432"}],"wp:term":[{"taxonomy":"category","embeddable":true,"href":"https:\/\/millitv.net\/index.php?rest_route=%2Fwp%2Fv2%2Fcategories&post=5432"},{"taxonomy":"post_tag","embeddable":true,"href":"https:\/\/millitv.net\/index.php?rest_route=%2Fwp%2Fv2%2Ftags&post=5432"}],"curies":[{"name":"wp","href":"https:\/\/api.w.org\/{rel}","templated":true}]}}