{"id":5421,"date":"2023-10-26T16:35:50","date_gmt":"2023-10-26T16:35:50","guid":{"rendered":"https:\/\/millinews.az\/xeber\/ilhan-mansiz-az%C9%99rbaycanli-qadinla-evl%C9%99ndi\/"},"modified":"2023-10-26T16:35:50","modified_gmt":"2023-10-26T16:35:50","slug":"ilhan-mansiz-az%C9%99rbaycanli-qadinla-evl%C9%99ndi","status":"publish","type":"post","link":"https:\/\/millitv.net\/?p=5421","title":{"rendered":"\u0130lhan Mans\u0131z az\u0259rbaycanl\u0131 qad\u0131nla evl\u0259ndi"},"content":{"rendered":"<div id=\"maincontent\">&#13;<br \/>\n        &#13;<\/p>\n<p><strong>T\u00fcrkiy\u0259 millisinin sabiq futbol\u00e7usu \u0130lhan Mans\u0131z az\u0259rbaycanl\u0131 xan\u0131mla evl\u0259nib.<\/strong><\/p>\n<p><a href=\"https:\/\/Millinews.az\" target=\"_blank\" class=\"kw-link\" rel=\"noopener\">Millinews.az<\/a> Qafqazinfo-ya istinad\u0259n x\u0259b\u0259r verir ki, o, Leyla adl\u0131 qad\u0131nla ail\u0259 h\u0259yat\u0131 qurub. &#13;\n<\/p>\n<p>C\u00fctl\u00fck x\u0259b\u0259ri sosial \u015f\u0259b\u0259k\u0259 hesablar\u0131nda payla\u015f\u0131blar. Bundan ba\u015fqa, onlar iki h\u0259ft\u0259 \u0259vv\u0259l u\u015faqlar\u0131n\u0131n olaca\u011f\u0131n\u0131 da \u00f6yr\u0259ndikl\u0259rini bildiribl\u0259r.<\/p>\n<p>Onlar\u0131n nikah m\u0259rasimi AB\u015e-d\u0259 ba\u015f tutub. <\/p>\n<p>M\u0259lumata g\u00f6r\u0259, \u0130lhan Mans\u0131zla Leylan\u0131n tan\u0131\u015fl\u0131\u011f\u0131 iki il \u0259vv\u0259l\u0259 t\u0259sad\u00fcf edir. <\/p>\n<p>Qeyd ed\u0259k ki, \u0130lhan Mans\u0131z daha \u00f6nc\u0259 almaniyal\u0131 Nina Ritterl\u0259 ail\u0259li olub. Onun bu izdivacdan bir q\u0131z\u0131 var.<\/p>\n<p><img decoding=\"async\" src=\"https:\/\/Millinews.az\/uploads\/1\/9f5c6def81-11532972.jpg\" alt=\"\" title=\"\"><\/p>\n<p><img decoding=\"async\" src=\"https:\/\/Millinews.az\/uploads\/1\/5f67079fd2-11532971.jpg\" alt=\"\" title=\"\">&#13;<br \/>\n        &#13;<br \/>\n&#13;<br \/>\n        &#13;<br \/>\n&#13;\n        <\/p>\n<p><noscript><\/p>\n<p>You must enable Javascript on your browser for the site to work optimally and display sections completely.<\/p>\n<p><\/noscript>\t\t&#13;<br \/>\n\t\t&#13;\n    <\/div>\n<p><script type=\"text\/javascript\">jQuery(document).ready(function () {\n(function(d, s, id) {\n    var js, fjs = d.getElementsByTagName(s)[0];\n    if (d.getElementById(id))\n        return;\n    js = d.createElement(s);\n    js.id = id;\n    js.src = \"\/\/connect.facebook.net\/az_AZ\/all.js#xfbml=1&appId=1002485763137712\";\n    fjs.parentNode.insertBefore(js, fjs);\n}(document, 'script', 'facebook-jssdk'));                \n});<\/script><\/p>\n","protected":false},"excerpt":{"rendered":"<p>&#13; &#13; T\u00fcrkiy\u0259 millisinin sabiq futbol\u00e7usu \u0130lhan Mans\u0131z az\u0259rbaycanl\u0131 xan\u0131mla evl\u0259nib. Millinews.az Qafqazinfo-ya istinad\u0259n x\u0259b\u0259r verir ki, o, Leyla adl\u0131 qad\u0131nla ail\u0259 h\u0259yat\u0131 qurub. &#13; C\u00fctl\u00fck x\u0259b\u0259ri sosial \u015f\u0259b\u0259k\u0259 hesablar\u0131nda payla\u015f\u0131blar. Bundan ba\u015fqa, onlar iki h\u0259ft\u0259 \u0259vv\u0259l u\u015faqlar\u0131n\u0131n olaca\u011f\u0131n\u0131 da \u00f6yr\u0259ndikl\u0259rini bildiribl\u0259r. Onlar\u0131n nikah m\u0259rasimi AB\u015e-d\u0259 ba\u015f tutub. M\u0259lumata g\u00f6r\u0259, \u0130lhan Mans\u0131zla Leylan\u0131n tan\u0131\u015fl\u0131\u011f\u0131 iki &hellip;<\/p>\n","protected":false},"author":1,"featured_media":5422,"comment_status":"open","ping_status":"closed","sticky":false,"template":"","format":"standard","meta":{"footnotes":""},"categories":[9],"tags":[],"class_list":["post-5421","post","type-post","status-publish","format-standard","has-post-thumbnail","hentry","category-xeber"],"_links":{"self":[{"href":"https:\/\/millitv.net\/index.php?rest_route=\/wp\/v2\/posts\/5421","targetHints":{"allow":["GET"]}}],"collection":[{"href":"https:\/\/millitv.net\/index.php?rest_route=\/wp\/v2\/posts"}],"about":[{"href":"https:\/\/millitv.net\/index.php?rest_route=\/wp\/v2\/types\/post"}],"author":[{"embeddable":true,"href":"https:\/\/millitv.net\/index.php?rest_route=\/wp\/v2\/users\/1"}],"replies":[{"embeddable":true,"href":"https:\/\/millitv.net\/index.php?rest_route=%2Fwp%2Fv2%2Fcomments&post=5421"}],"version-history":[{"count":0,"href":"https:\/\/millitv.net\/index.php?rest_route=\/wp\/v2\/posts\/5421\/revisions"}],"wp:featuredmedia":[{"embeddable":true,"href":"https:\/\/millitv.net\/index.php?rest_route=\/wp\/v2\/media\/5422"}],"wp:attachment":[{"href":"https:\/\/millitv.net\/index.php?rest_route=%2Fwp%2Fv2%2Fmedia&parent=5421"}],"wp:term":[{"taxonomy":"category","embeddable":true,"href":"https:\/\/millitv.net\/index.php?rest_route=%2Fwp%2Fv2%2Fcategories&post=5421"},{"taxonomy":"post_tag","embeddable":true,"href":"https:\/\/millitv.net\/index.php?rest_route=%2Fwp%2Fv2%2Ftags&post=5421"}],"curies":[{"name":"wp","href":"https:\/\/api.w.org\/{rel}","templated":true}]}}