{"id":541,"date":"2023-08-25T18:21:34","date_gmt":"2023-08-25T18:21:34","guid":{"rendered":"https:\/\/millinews.az\/?p=541"},"modified":"2023-08-25T18:21:36","modified_gmt":"2023-08-25T18:21:36","slug":"bakiya-ucdugu-iddia-edil%c9%99n-priqojinin-t%c9%99yyar%c9%99si-il%c9%99-bagli-resmi-aciqlama","status":"publish","type":"post","link":"https:\/\/millitv.net\/?p=541","title":{"rendered":"Bak\u0131ya u\u00e7du\u011fu iddia edil\u0259n Priqojinin t\u0259yyar\u0259si il\u0259 ba\u011fl\u0131 R\u018fSM\u0130 A\u00c7IQLAMA"},"content":{"rendered":"\n<p><strong>\u201cB\u0259zi Rusiya K\u0130V-l\u0259rinin \u201cVaqner\u201d muzdlular\u0131n\u0131n lideri Yevgeni Priqojinl\u0259 \u0259laq\u0259l\u0259ndirdiyi ikinci t\u0259yyar\u0259nin qrupla\u015fma il\u0259 he\u00e7 bir \u0259laq\u0259si yoxdur\u201d.<\/strong><\/p>\n\n\n\n<p>Konkret.az x\u0259b\u0259r verir ki, bu bar\u0259d\u0259 Jetica avia\u015firk\u0259tinin ba\u015f direktoru Sergey Trifonov bildirib.<\/p>\n\n\n\n<p>\u018fsas\u0259n \u201cVaqner\u201d qrupunun \u201cGray Zone Telegram\u201d kanal\u0131 il\u0259 \u0259laq\u0259li olan Rusiya K\u0130V-l\u0259ri RA-02748 n\u00f6mr\u0259li ikinci biznes-jeti muzdlu qrupla\u015fma il\u0259 \u0259laq\u0259l\u0259ndirib v\u0259 onun da q\u0259za zaman\u0131 havada oldu\u011funu bildirib.<\/p>\n\n\n\n<p>Lakin t\u0259yyar\u0259nin operatoru Rusiyan\u0131n \u201cJetica\u201d MMC \u015firk\u0259ti bu c\u00fcr \u0259laq\u0259ni t\u0259kzib edir.<\/p>\n\n\n\n<p>\u201cN\u0259 t\u0259yyar\u0259nin \u00f6z\u00fc, n\u0259 d\u0259 s\u0259rni\u015finl\u0259ri \u201cVaqner\u201dl\u0259 \u0259laq\u0259 saxlamay\u0131blar v\u0259 he\u00e7 vaxt da onlarla ba\u011fl\u0131 olmay\u0131blar\u201d, \u2013 Sergey Trifonov Reuters-\u0259 bildirib.<\/p>\n\n\n\n<p>Trifonov t\u0259yyar\u0259nin kim\u0259 m\u0259xsus oldu\u011funu a\u00e7\u0131qlamaqdan imtina ets\u0259 d\u0259, bu hava g\u0259misnin icar\u0259y\u0259 verilm\u0259diyini diqq\u0259t\u0259 \u00e7atd\u0131r\u0131b.<\/p>\n\n\n\n<p>Xat\u0131rladaq ki, d\u00fcn\u0259n Priqojinin ikinci \u201cEmbraer ERJ-135BJ\u201d biznes reaktivinin Bak\u0131ya eni\u015fi bar\u0259d\u0259 m\u0259lumat yay\u0131lm\u0131\u015fd\u0131.<\/p>\n","protected":false},"excerpt":{"rendered":"<p>\u201cB\u0259zi Rusiya K\u0130V-l\u0259rinin \u201cVaqner\u201d muzdlular\u0131n\u0131n lideri Yevgeni Priqojinl\u0259 \u0259laq\u0259l\u0259ndirdiyi ikinci t\u0259yyar\u0259nin qrupla\u015fma il\u0259 he\u00e7 bir \u0259laq\u0259si yoxdur\u201d. Konkret.az x\u0259b\u0259r verir ki, bu bar\u0259d\u0259 Jetica avia\u015firk\u0259tinin ba\u015f direktoru Sergey Trifonov bildirib. \u018fsas\u0259n \u201cVaqner\u201d qrupunun \u201cGray Zone Telegram\u201d kanal\u0131 il\u0259 \u0259laq\u0259li olan Rusiya K\u0130V-l\u0259ri RA-02748 n\u00f6mr\u0259li ikinci biznes-jeti muzdlu qrupla\u015fma il\u0259 \u0259laq\u0259l\u0259ndirib v\u0259 onun da q\u0259za zaman\u0131 &hellip;<\/p>\n","protected":false},"author":1,"featured_media":542,"comment_status":"open","ping_status":"closed","sticky":false,"template":"","format":"standard","meta":{"footnotes":""},"categories":[4],"tags":[],"class_list":["post-541","post","type-post","status-publish","format-standard","has-post-thumbnail","hentry","category-dunya"],"_links":{"self":[{"href":"https:\/\/millitv.net\/index.php?rest_route=\/wp\/v2\/posts\/541","targetHints":{"allow":["GET"]}}],"collection":[{"href":"https:\/\/millitv.net\/index.php?rest_route=\/wp\/v2\/posts"}],"about":[{"href":"https:\/\/millitv.net\/index.php?rest_route=\/wp\/v2\/types\/post"}],"author":[{"embeddable":true,"href":"https:\/\/millitv.net\/index.php?rest_route=\/wp\/v2\/users\/1"}],"replies":[{"embeddable":true,"href":"https:\/\/millitv.net\/index.php?rest_route=%2Fwp%2Fv2%2Fcomments&post=541"}],"version-history":[{"count":0,"href":"https:\/\/millitv.net\/index.php?rest_route=\/wp\/v2\/posts\/541\/revisions"}],"wp:featuredmedia":[{"embeddable":true,"href":"https:\/\/millitv.net\/index.php?rest_route=\/wp\/v2\/media\/542"}],"wp:attachment":[{"href":"https:\/\/millitv.net\/index.php?rest_route=%2Fwp%2Fv2%2Fmedia&parent=541"}],"wp:term":[{"taxonomy":"category","embeddable":true,"href":"https:\/\/millitv.net\/index.php?rest_route=%2Fwp%2Fv2%2Fcategories&post=541"},{"taxonomy":"post_tag","embeddable":true,"href":"https:\/\/millitv.net\/index.php?rest_route=%2Fwp%2Fv2%2Ftags&post=541"}],"curies":[{"name":"wp","href":"https:\/\/api.w.org\/{rel}","templated":true}]}}