{"id":5384,"date":"2023-10-26T14:49:49","date_gmt":"2023-10-26T14:49:49","guid":{"rendered":"https:\/\/millinews.az\/xeber\/az%C9%99rbaycan-v%C9%99-gurcustanin-bas-nazirl%C9%99ri-gorusdu\/"},"modified":"2023-10-26T14:49:49","modified_gmt":"2023-10-26T14:49:49","slug":"az%C9%99rbaycan-v%C9%99-gurcustanin-bas-nazirl%C9%99ri-gorusdu","status":"publish","type":"post","link":"https:\/\/millitv.net\/?p=5384","title":{"rendered":"Az\u0259rbaycan v\u0259 G\u00fcrc\u00fcstan\u0131n ba\u015f nazirl\u0259ri g\u00f6r\u00fc\u015fd\u00fc"},"content":{"rendered":"<p><img decoding=\"async\" src=\"https:\/\/Millinews.az\/storage\/2023\/10\/26\/esedov_qaribasvili_1.jpg\" alt=\"\" title=\"\"><\/p>\n<div id=\"mvp-content-main\">\n<p><strong>Az\u0259rbaycan\u0131n Ba\u015f naziri \u018fli \u018fs\u0259dov Tbilisiy\u0259 i\u015fg\u00fczar s\u0259f\u0259ri \u00e7\u0259r\u00e7iv\u0259sind\u0259 G\u00fcrc\u00fcstan\u0131n Ba\u015f naziri \u0130rakli Qariba\u015fvili il\u0259 g\u00f6r\u00fc\u015f\u00fcb.<\/strong><\/p>\n<p><strong><a target=\"_blank\" href=\"https:\/\/Millinews.az\" rel=\"noopener\">Millinews.az<\/a><\/strong> x\u0259b\u0259r verir ki, \u018f.\u018fs\u0259dov G\u00fcrc\u00fcstan paytaxt\u0131nda ke\u00e7iril\u0259n Tbilisi \u0130p\u0259k Yolu Forumuna d\u0259v\u0259t\u0259 g\u00f6r\u0259 t\u0259\u015f\u0259kk\u00fcr\u00fcn\u00fc bildirib, regional v\u0259 qlobal g\u00fcnd\u0259likd\u0259 duran iqtisadi v\u0259 n\u0259qliyyat m\u0259s\u0259l\u0259l\u0259rinin m\u00fczakir\u0259si bax\u0131m\u0131ndan t\u0259dbirin \u0259h\u0259miyy\u0259tini vur\u011fulay\u0131b.<\/p>\n<p>G\u00f6r\u00fc\u015fd\u0259 iki \u00f6lk\u0259 aras\u0131nda d\u00f6vl\u0259tl\u0259raras\u0131 \u0259laq\u0259l\u0259rin inki\u015faf\u0131ndan m\u0259mnunluq ifad\u0259 olunub, Prezident \u0130lham \u018fliyevin v\u0259 Ba\u015f nazir \u0130rakli Qariba\u015fvilinin birg\u0259 s\u0259yl\u0259ri n\u0259tic\u0259sind\u0259 strateji t\u0259r\u0259fda\u015fl\u0131q m\u00fcnasib\u0259tl\u0259rinin h\u0259rt\u0259r\u0259fli xarakter ald\u0131\u011f\u0131 bildirilib.<\/p>\n<p>T\u0259r\u0259fl\u0259r ticar\u0259t-iqtisadi \u0259m\u0259kda\u015fl\u0131\u011f\u0131 t\u0259qdir ed\u0259r\u0259k cari ilin 9 ay\u0131nda qar\u015f\u0131l\u0131ql\u0131 ticar\u0259tin h\u0259cminin 12%-d\u0259n \u00e7ox artd\u0131\u011f\u0131n\u0131 vur\u011fulay\u0131blar.<\/p>\n<p>\u0130nvestisiya \u0259m\u0259kda\u015fl\u0131\u011f\u0131n\u0131n art\u0131r\u0131lmas\u0131n\u0131n vacibliyi qeyd olunaraq Az\u0259rbaycan\u0131n G\u00fcrc\u00fcstan\u0131n \u0259n b\u00f6y\u00fck investorlar\u0131ndan biri oldu\u011fu m\u0259mnunluqla vur\u011fulan\u0131b. H\u0259m\u00e7inin \u00f6lk\u0259mizd\u0259 \u0259lveri\u015fli investisiya m\u00fchiti bar\u0259d\u0259 m\u0259lumat verilib.<\/p>\n<p>Enerji sektoru ikit\u0259r\u0259fli \u0259m\u0259kda\u015fl\u0131\u011f\u0131n \u0259sas prioritetl\u0259rind\u0259n biri kimi qiym\u0259tl\u0259ndirilib. Bildirilib ki, Bak\u0131-Tbilisi-Ceyhan, Bak\u0131-Tbilisi-\u018frzurum, C\u0259nub Qaz D\u0259hlizi layih\u0259l\u0259ri h\u0259m Az\u0259rbaycan\u0131n, h\u0259m d\u0259 G\u00fcrc\u00fcstan\u0131n iqtisadi t\u0259r\u0259qqisin\u0259 m\u00fch\u00fcm t\u00f6hf\u0259 verir.<\/p>\n<p>Az\u0259rbaycan v\u0259 G\u00fcrc\u00fcstan\u0131n birg\u0259 h\u0259yata ke\u00e7irdikl\u0259ri enerji v\u0259 n\u0259qliyyat layih\u0259l\u0259rinin C\u0259nubi Qafqaz\u0131n transformasiyas\u0131na xidm\u0259t etdiyi, regionun siyasi, iqtisadi, n\u0259qliyyat v\u0259 enerji x\u0259rit\u0259sini d\u0259yi\u015fdiyi bildirilib.<\/p>\n<p>T\u0259r\u0259fl\u0259r h\u0259r iki \u00f6lk\u0259nin \u0259razil\u0259rind\u0259n ke\u00e7\u0259n n\u0259qliyyat d\u0259hlizl\u0259rinin potensial\u0131n\u0131n geni\u015fl\u0259ndirilm\u0259sin\u0259 b\u00f6y\u00fck \u0259h\u0259miyy\u0259t verdikl\u0259rini t\u0259sdiql\u0259y\u0259r\u0259k Orta D\u0259hlizin artan \u0259h\u0259miyy\u0259tini x\u00fcsusi vur\u011fulay\u0131blar.<\/p>\n<p>Az\u0259rbaycan v\u0259 G\u00fcrc\u00fcstandak\u0131 d\u0259niz limanlar\u0131 Orta D\u0259hlizin m\u00fch\u00fcm halqalar\u0131 kimi qiym\u0259tl\u0259ndirilib. Liman infrastrukturu sah\u0259sind\u0259 \u0259m\u0259kda\u015fl\u0131\u011f\u0131n geni\u015fl\u0259ndirilm\u0259sinin Orta D\u0259hlizin inki\u015faf\u0131na xidm\u0259t ed\u0259c\u0259yin\u0259 \u0259minlik ifad\u0259 olunub.<\/p>\n<p>Eyni zamanda h\u0259r iki \u00f6lk\u0259nin i\u015ftirak\u0131 il\u0259 h\u0259yata ke\u00e7iril\u0259n \u201cYa\u015f\u0131l enerji d\u0259hlizi&#8221; layih\u0259sinin Avropan\u0131n enerji t\u0259hl\u00fck\u0259sizliyinin t\u0259min olunmas\u0131na m\u00fch\u00fcm t\u00f6hf\u0259 ver\u0259c\u0259yi bildirilib.<\/p>\n<p>\u018f.\u018fs\u0259dov G\u00fcrc\u00fcstanda Az\u0259rbaycan xalq\u0131n\u0131n \u00dcmummilli Lideri Heyd\u0259r \u018fliyevin 100 illik yubileyinin geni\u015f qeyd edilm\u0259sin\u0259 g\u00f6r\u0259 t\u0259\u015f\u0259kk\u00fcr\u00fcn\u00fc bildirib. Bu bax\u0131mdan Az\u0259rbaycan Respublikas\u0131n\u0131n Prezidenti \u0130lham \u018fliyevin cari ilin oktyabr\u0131nda G\u00fcrc\u00fcstana i\u015fg\u00fczar s\u0259f\u0259ri \u00e7\u0259r\u00e7iv\u0259sind\u0259 Tbilisid\u0259 Ulu \u00d6nd\u0259rin anadan olmas\u0131n\u0131n 100 illiyin\u0259 h\u0259sr edilmi\u015f fotos\u0259rginin t\u0259\u015fkil edilm\u0259sinin \u0259h\u0259miyy\u0259ti vur\u011fulan\u0131b.<\/p>\n<p>G\u00f6r\u00fc\u015f zaman\u0131 iki \u00f6lk\u0259 aras\u0131nda h\u0259yata ke\u00e7iril\u0259n konkret layih\u0259l\u0259r n\u0259z\u0259rd\u0259n ke\u00e7irilib, qar\u015f\u0131l\u0131ql\u0131 maraq do\u011furan m\u00fcxt\u0259lif istiqam\u0259tl\u0259rd\u0259 \u0259m\u0259kda\u015fl\u0131\u011f\u0131n perspektivl\u0259ri m\u00fczakir\u0259 olunub.<\/p>\n<\/p><\/div>\n<p><script>\n        (function (d, s, id) {\n            var js, fjs = d.getElementsByTagName(s)[0];\n            if (d.getElementById(id)) return;\n            js = d.createElement(s);\n            js.id = id;\n            js.src = \"\/\/connect.facebook.net\/az_AZ\/sdk.js#xfbml=1&version=v2.7&appId=\";\n            fjs.parentNode.insertBefore(js, fjs);\n        }(document, 'script', 'facebook-jssdk'));\n    <\/script><\/p>\n","protected":false},"excerpt":{"rendered":"<p>Az\u0259rbaycan\u0131n Ba\u015f naziri \u018fli \u018fs\u0259dov Tbilisiy\u0259 i\u015fg\u00fczar s\u0259f\u0259ri \u00e7\u0259r\u00e7iv\u0259sind\u0259 G\u00fcrc\u00fcstan\u0131n Ba\u015f naziri \u0130rakli Qariba\u015fvili il\u0259 g\u00f6r\u00fc\u015f\u00fcb. Millinews.az x\u0259b\u0259r verir ki, \u018f.\u018fs\u0259dov G\u00fcrc\u00fcstan paytaxt\u0131nda ke\u00e7iril\u0259n Tbilisi \u0130p\u0259k Yolu Forumuna d\u0259v\u0259t\u0259 g\u00f6r\u0259 t\u0259\u015f\u0259kk\u00fcr\u00fcn\u00fc bildirib, regional v\u0259 qlobal g\u00fcnd\u0259likd\u0259 duran iqtisadi v\u0259 n\u0259qliyyat m\u0259s\u0259l\u0259l\u0259rinin m\u00fczakir\u0259si bax\u0131m\u0131ndan t\u0259dbirin \u0259h\u0259miyy\u0259tini vur\u011fulay\u0131b. G\u00f6r\u00fc\u015fd\u0259 iki \u00f6lk\u0259 aras\u0131nda d\u00f6vl\u0259tl\u0259raras\u0131 \u0259laq\u0259l\u0259rin inki\u015faf\u0131ndan m\u0259mnunluq ifad\u0259 &hellip;<\/p>\n","protected":false},"author":1,"featured_media":5385,"comment_status":"open","ping_status":"closed","sticky":false,"template":"","format":"standard","meta":{"footnotes":""},"categories":[9],"tags":[],"class_list":["post-5384","post","type-post","status-publish","format-standard","has-post-thumbnail","hentry","category-xeber"],"_links":{"self":[{"href":"https:\/\/millitv.net\/index.php?rest_route=\/wp\/v2\/posts\/5384","targetHints":{"allow":["GET"]}}],"collection":[{"href":"https:\/\/millitv.net\/index.php?rest_route=\/wp\/v2\/posts"}],"about":[{"href":"https:\/\/millitv.net\/index.php?rest_route=\/wp\/v2\/types\/post"}],"author":[{"embeddable":true,"href":"https:\/\/millitv.net\/index.php?rest_route=\/wp\/v2\/users\/1"}],"replies":[{"embeddable":true,"href":"https:\/\/millitv.net\/index.php?rest_route=%2Fwp%2Fv2%2Fcomments&post=5384"}],"version-history":[{"count":0,"href":"https:\/\/millitv.net\/index.php?rest_route=\/wp\/v2\/posts\/5384\/revisions"}],"wp:featuredmedia":[{"embeddable":true,"href":"https:\/\/millitv.net\/index.php?rest_route=\/wp\/v2\/media\/5385"}],"wp:attachment":[{"href":"https:\/\/millitv.net\/index.php?rest_route=%2Fwp%2Fv2%2Fmedia&parent=5384"}],"wp:term":[{"taxonomy":"category","embeddable":true,"href":"https:\/\/millitv.net\/index.php?rest_route=%2Fwp%2Fv2%2Fcategories&post=5384"},{"taxonomy":"post_tag","embeddable":true,"href":"https:\/\/millitv.net\/index.php?rest_route=%2Fwp%2Fv2%2Ftags&post=5384"}],"curies":[{"name":"wp","href":"https:\/\/api.w.org\/{rel}","templated":true}]}}