{"id":5380,"date":"2023-10-26T14:37:48","date_gmt":"2023-10-26T14:37:48","guid":{"rendered":"https:\/\/millinews.az\/xeber\/prezident-qarabag-v%C9%99-s%C9%99rqi-z%C9%99ng%C9%99zurun-hidroenerji-potensialindan-danisdi\/"},"modified":"2023-10-26T14:37:48","modified_gmt":"2023-10-26T14:37:48","slug":"prezident-qarabag-v%C9%99-s%C9%99rqi-z%C9%99ng%C9%99zurun-hidroenerji-potensialindan-danisdi","status":"publish","type":"post","link":"https:\/\/millitv.net\/?p=5380","title":{"rendered":"Prezident Qaraba\u011f v\u0259 \u015e\u0259rqi Z\u0259ng\u0259zurun hidroenerji potensial\u0131ndan dan\u0131\u015fd\u0131"},"content":{"rendered":"<p><img decoding=\"async\" src=\"https:\/\/Millinews.az\/storage\/2023\/10\/26\/ilham_1.jpg\" alt=\"\" title=\"\"><\/p>\n<div id=\"mvp-content-main\">\n<p><strong>Bizim b\u0259rpaolunan enerji g\u00fcnd\u0259liyimiz t\u0259kc\u0259 g\u00fcn\u0259\u015f v\u0259 ya k\u00fcl\u0259k elektrik stansiyalar\u0131 il\u0259 m\u0259hdudla\u015fm\u0131r. Haz\u0131rda biz \u00fc\u00e7 il bundan \u0259vv\u0259l i\u015f\u011faldan azad edilmi\u015f Qaraba\u011f\u0131n v\u0259 \u015e\u0259rqi Z\u0259ng\u0259zurun \u0259razil\u0259rind\u0259 hidroenerji potensial\u0131m\u0131z\u0131 f\u0259al \u015f\u0259kild\u0259 inki\u015faf etdiririk.<\/strong><\/p>\n<p><strong><a target=\"_blank\" href=\"https:\/\/Millinews.az\" rel=\"noopener\">Millinews.az<\/a> <\/strong>x\u0259b\u0259r verir ki, bu s\u00f6zl\u0259ri Az\u0259rbaycan Prezidenti \u0130lham \u018fliyev Qarada\u011f G\u00fcn\u0259\u015f Elektrik Stansiyas\u0131n\u0131n r\u0259smi a\u00e7\u0131l\u0131\u015f m\u0259rasimind\u0259 \u00e7\u0131x\u0131\u015f\u0131 zaman\u0131 s\u00f6yl\u0259yib.<\/p>\n<p>Art\u0131q 170 meqavat g\u00fcc\u00fcnd\u0259 olan hidroelektrik stansiyalar\u0131n\u0131n istismara verildiyini vur\u011fulayan d\u00f6vl\u0259timizin ba\u015f\u00e7\u0131s\u0131 bildirib ki, bu ilin sonuna kimi bu, 270 meqavata \u00e7atacaq. \u0130ki-\u00fc\u00e7 ild\u0259n sonra hidroelektrik stansiyalar\u0131n g\u00fcc\u00fc 500 meqavat olacaq.<\/p>\n<p>\u201cBu da ya\u015f\u0131l enerjiy\u0259 ke\u00e7id prosesin\u0259 dig\u0259r m\u00fch\u00fcm bir t\u00f6hf\u0259 olacaqd\u0131r. \u00dcmumiyy\u0259tl\u0259, Qaraba\u011f, \u015e\u0259rqi Z\u0259ng\u0259zur v\u0259 Nax\u00e7\u0131van art\u0131q ya\u015f\u0131l enerji zonas\u0131 kimi elan olunub\u201d, &#8211; dey\u0259 Az\u0259rbaycan Prezidenti \u0259lav\u0259 edib.<\/p>\n<\/p><\/div>\n<p><script>\n        (function (d, s, id) {\n            var js, fjs = d.getElementsByTagName(s)[0];\n            if (d.getElementById(id)) return;\n            js = d.createElement(s);\n            js.id = id;\n            js.src = \"\/\/connect.facebook.net\/az_AZ\/sdk.js#xfbml=1&version=v2.7&appId=\";\n            fjs.parentNode.insertBefore(js, fjs);\n        }(document, 'script', 'facebook-jssdk'));\n    <\/script><\/p>\n","protected":false},"excerpt":{"rendered":"<p>Bizim b\u0259rpaolunan enerji g\u00fcnd\u0259liyimiz t\u0259kc\u0259 g\u00fcn\u0259\u015f v\u0259 ya k\u00fcl\u0259k elektrik stansiyalar\u0131 il\u0259 m\u0259hdudla\u015fm\u0131r. Haz\u0131rda biz \u00fc\u00e7 il bundan \u0259vv\u0259l i\u015f\u011faldan azad edilmi\u015f Qaraba\u011f\u0131n v\u0259 \u015e\u0259rqi Z\u0259ng\u0259zurun \u0259razil\u0259rind\u0259 hidroenerji potensial\u0131m\u0131z\u0131 f\u0259al \u015f\u0259kild\u0259 inki\u015faf etdiririk. Millinews.az x\u0259b\u0259r verir ki, bu s\u00f6zl\u0259ri Az\u0259rbaycan Prezidenti \u0130lham \u018fliyev Qarada\u011f G\u00fcn\u0259\u015f Elektrik Stansiyas\u0131n\u0131n r\u0259smi a\u00e7\u0131l\u0131\u015f m\u0259rasimind\u0259 \u00e7\u0131x\u0131\u015f\u0131 zaman\u0131 s\u00f6yl\u0259yib. Art\u0131q 170 &hellip;<\/p>\n","protected":false},"author":1,"featured_media":5381,"comment_status":"open","ping_status":"closed","sticky":false,"template":"","format":"standard","meta":{"footnotes":""},"categories":[9],"tags":[],"class_list":["post-5380","post","type-post","status-publish","format-standard","has-post-thumbnail","hentry","category-xeber"],"_links":{"self":[{"href":"https:\/\/millitv.net\/index.php?rest_route=\/wp\/v2\/posts\/5380","targetHints":{"allow":["GET"]}}],"collection":[{"href":"https:\/\/millitv.net\/index.php?rest_route=\/wp\/v2\/posts"}],"about":[{"href":"https:\/\/millitv.net\/index.php?rest_route=\/wp\/v2\/types\/post"}],"author":[{"embeddable":true,"href":"https:\/\/millitv.net\/index.php?rest_route=\/wp\/v2\/users\/1"}],"replies":[{"embeddable":true,"href":"https:\/\/millitv.net\/index.php?rest_route=%2Fwp%2Fv2%2Fcomments&post=5380"}],"version-history":[{"count":0,"href":"https:\/\/millitv.net\/index.php?rest_route=\/wp\/v2\/posts\/5380\/revisions"}],"wp:featuredmedia":[{"embeddable":true,"href":"https:\/\/millitv.net\/index.php?rest_route=\/wp\/v2\/media\/5381"}],"wp:attachment":[{"href":"https:\/\/millitv.net\/index.php?rest_route=%2Fwp%2Fv2%2Fmedia&parent=5380"}],"wp:term":[{"taxonomy":"category","embeddable":true,"href":"https:\/\/millitv.net\/index.php?rest_route=%2Fwp%2Fv2%2Fcategories&post=5380"},{"taxonomy":"post_tag","embeddable":true,"href":"https:\/\/millitv.net\/index.php?rest_route=%2Fwp%2Fv2%2Ftags&post=5380"}],"curies":[{"name":"wp","href":"https:\/\/api.w.org\/{rel}","templated":true}]}}