{"id":5358,"date":"2023-10-26T13:17:48","date_gmt":"2023-10-26T13:17:48","guid":{"rendered":"https:\/\/millinews.az\/xeber\/s%C9%99kid%C9%99-41-yasli-kisi-q%C9%99tl%C9%99-yetirilib\/"},"modified":"2023-10-26T13:17:48","modified_gmt":"2023-10-26T13:17:48","slug":"s%C9%99kid%C9%99-41-yasli-kisi-q%C9%99tl%C9%99-yetirilib","status":"publish","type":"post","link":"https:\/\/millitv.net\/?p=5358","title":{"rendered":"\u015e\u0259kid\u0259 41 ya\u015fl\u0131 ki\u015fi q\u0259tl\u0259 yetirilib"},"content":{"rendered":"<div id=\"maincontent\">&#13;<br \/>\n        &#13;<\/p>\n<p><strong>\u015e\u0259kid\u0259 41 ya\u015fl\u0131  ki\u015fi  q\u0259tl\u0259  yetilirb,  hadis\u0259ni  t\u00f6r\u0259d\u0259n \u015f\u0259xs polis\u0259 t\u0259slim olub. <\/strong><\/p>\n<p><a href=\"https:\/\/Millinews.az\" target=\"_blank\" class=\"kw-link\" rel=\"noopener\">Millinews.az<\/a>-a D\u0130N-in M\u0259tbuat Xidm\u0259tinin \u015e\u0259ki regional qrupundan bildirilib ki, oktyabr\u0131n 26-da saat 16 rad\u0259l\u0259rind\u0259 1982-ci il t\u0259v\u0259ll\u00fcdl\u00fc H\u0259\u015fimov Asif Arif o\u011flunun  k\u0259silmi\u015f-de\u015filmi\u015f x\u0259sar\u0259tl\u0259rd\u0259n \u00f6lm\u0259si bar\u0259d\u0259 \u015e\u0259ki \u015e\u0259h\u0259r-Rayon Polis \u015e\u00f6b\u0259sin\u0259 m\u0259lumat daxil olub. Cinay\u0259t \u0259m\u0259lini t\u00f6r\u0259tm\u0259kd\u0259 \u015f\u00fcbh\u0259li bilin\u0259n \u015e\u0259ki rayon sakini, 1988-ci il t\u0259v\u0259ll\u00fcdl\u00fc \u0130sayev Cavid Beybud o\u011flu k\u00f6n\u00fcll\u00fc olaraq polis\u0259 g\u0259l\u0259r\u0259k t\u0259slim olub.<\/p>\n<p>Faktla ba\u011fl\u0131 ara\u015fd\u0131rma apar\u0131l\u0131r.<\/p>\n<p>&#13;<br \/>\n        &#13;<br \/>\n&#13;<br \/>\n        &#13;<br \/>\n&#13;<\/p>\n<p><noscript><\/p>\n<p>You must enable Javascript on your browser for the site to work optimally and display sections completely.<\/p>\n<p><\/noscript>\t\t&#13;<br \/>\n\t\t&#13;\n    <\/div>\n<p><script type=\"text\/javascript\">jQuery(document).ready(function () {\n(function(d, s, id) {\n    var js, fjs = d.getElementsByTagName(s)[0];\n    if (d.getElementById(id))\n        return;\n    js = d.createElement(s);\n    js.id = id;\n    js.src = \"\/\/connect.facebook.net\/az_AZ\/all.js#xfbml=1&appId=1002485763137712\";\n    fjs.parentNode.insertBefore(js, fjs);\n}(document, 'script', 'facebook-jssdk'));                \n});<\/script><\/p>\n","protected":false},"excerpt":{"rendered":"<p>&#13; &#13; \u015e\u0259kid\u0259 41 ya\u015fl\u0131 ki\u015fi q\u0259tl\u0259 yetilirb, hadis\u0259ni t\u00f6r\u0259d\u0259n \u015f\u0259xs polis\u0259 t\u0259slim olub. Millinews.az-a D\u0130N-in M\u0259tbuat Xidm\u0259tinin \u015e\u0259ki regional qrupundan bildirilib ki, oktyabr\u0131n 26-da saat 16 rad\u0259l\u0259rind\u0259 1982-ci il t\u0259v\u0259ll\u00fcdl\u00fc H\u0259\u015fimov Asif Arif o\u011flunun k\u0259silmi\u015f-de\u015filmi\u015f x\u0259sar\u0259tl\u0259rd\u0259n \u00f6lm\u0259si bar\u0259d\u0259 \u015e\u0259ki \u015e\u0259h\u0259r-Rayon Polis \u015e\u00f6b\u0259sin\u0259 m\u0259lumat daxil olub. Cinay\u0259t \u0259m\u0259lini t\u00f6r\u0259tm\u0259kd\u0259 \u015f\u00fcbh\u0259li bilin\u0259n \u015e\u0259ki rayon sakini, 1988-ci &hellip;<\/p>\n","protected":false},"author":1,"featured_media":5359,"comment_status":"open","ping_status":"closed","sticky":false,"template":"","format":"standard","meta":{"footnotes":""},"categories":[9],"tags":[],"class_list":["post-5358","post","type-post","status-publish","format-standard","has-post-thumbnail","hentry","category-xeber"],"_links":{"self":[{"href":"https:\/\/millitv.net\/index.php?rest_route=\/wp\/v2\/posts\/5358","targetHints":{"allow":["GET"]}}],"collection":[{"href":"https:\/\/millitv.net\/index.php?rest_route=\/wp\/v2\/posts"}],"about":[{"href":"https:\/\/millitv.net\/index.php?rest_route=\/wp\/v2\/types\/post"}],"author":[{"embeddable":true,"href":"https:\/\/millitv.net\/index.php?rest_route=\/wp\/v2\/users\/1"}],"replies":[{"embeddable":true,"href":"https:\/\/millitv.net\/index.php?rest_route=%2Fwp%2Fv2%2Fcomments&post=5358"}],"version-history":[{"count":0,"href":"https:\/\/millitv.net\/index.php?rest_route=\/wp\/v2\/posts\/5358\/revisions"}],"wp:featuredmedia":[{"embeddable":true,"href":"https:\/\/millitv.net\/index.php?rest_route=\/wp\/v2\/media\/5359"}],"wp:attachment":[{"href":"https:\/\/millitv.net\/index.php?rest_route=%2Fwp%2Fv2%2Fmedia&parent=5358"}],"wp:term":[{"taxonomy":"category","embeddable":true,"href":"https:\/\/millitv.net\/index.php?rest_route=%2Fwp%2Fv2%2Fcategories&post=5358"},{"taxonomy":"post_tag","embeddable":true,"href":"https:\/\/millitv.net\/index.php?rest_route=%2Fwp%2Fv2%2Ftags&post=5358"}],"curies":[{"name":"wp","href":"https:\/\/api.w.org\/{rel}","templated":true}]}}