{"id":5354,"date":"2023-10-26T13:07:50","date_gmt":"2023-10-26T13:07:50","guid":{"rendered":"https:\/\/millinews.az\/xeber\/az%C9%99rbaycan-qazina-avropada-hec-vaxt-olmadigi-q%C9%99d%C9%99r-ehtiyac-var\/"},"modified":"2023-10-26T13:07:50","modified_gmt":"2023-10-26T13:07:50","slug":"az%C9%99rbaycan-qazina-avropada-hec-vaxt-olmadigi-q%C9%99d%C9%99r-ehtiyac-var","status":"publish","type":"post","link":"https:\/\/millitv.net\/?p=5354","title":{"rendered":"Az\u0259rbaycan qaz\u0131na Avropada he\u00e7 vaxt olmad\u0131\u011f\u0131 q\u0259d\u0259r ehtiyac var"},"content":{"rendered":"<p><img decoding=\"async\" src=\"https:\/\/Millinews.az\/storage\/2023\/09\/25\/ilham-eliyev.jpg\" alt=\"\" title=\"\"><\/p>\n<div id=\"mvp-content-main\">\n<p><strong>&#8220;B\u0259rpaolunan enerji sah\u0259sin\u0259 investisiyalar Az\u0259rbaycana b\u00f6y\u00fck h\u0259cmd\u0259 t\u0259bii qaza q\u0259na\u0259t etm\u0259k imkan\u0131n\u0131 ver\u0259c\u0259k ki, h\u0259min qaz haz\u0131rda elektrik enerjisi istehsal\u0131 \u00fc\u00e7\u00fcn istifad\u0259 olunur&#8221;.<\/strong><\/p>\n<p><strong><a target=\"_blank\" href=\"https:\/\/Millinews.az\" rel=\"noopener\">Millinews.az<\/a> <\/strong>x\u0259b\u0259r verir ki, bu fikri Az\u0259rbaycan Prezidenti \u0130lham \u018fliyev Qarada\u011f G\u00fcn\u0259\u015f Elektrik Stansiyas\u0131n\u0131n r\u0259smi a\u00e7\u0131l\u0131\u015f m\u0259rasimind\u0259 \u00e7\u0131x\u0131\u015f\u0131 zaman\u0131 s\u00f6yl\u0259yib.<\/p>\n<p>\u201cBu investisiyalar biz\u0259 b\u00f6y\u00fck h\u0259cmd\u0259 t\u0259bii qaza q\u0259na\u0259t etm\u0259k imkan\u0131n\u0131 ver\u0259c\u0259k ki, h\u0259min qaz haz\u0131rda elektrik enerjisi istehsal\u0131 \u00fc\u00e7\u00fcn istifad\u0259 edilir. S\u00f6hb\u0259t ixrac \u00fc\u00e7\u00fcn q\u0259na\u0259t edil\u0259c\u0259k bir ne\u00e7\u0259 milyard kubmetr t\u0259bii qazdan gedir. \u00c7\u00fcnki son geosiyasi d\u0259yi\u015fiklikl\u0259r n\u0259tic\u0259sind\u0259 Az\u0259rbaycan qaz\u0131na Avropada he\u00e7 vaxt olmad\u0131\u011f\u0131 q\u0259d\u0259r daha \u00e7ox ehtiyac var\u201d, &#8211; d\u00f6vl\u0259t ba\u015f\u00e7\u0131s\u0131 qeyd edib.<\/p>\n<p>Az\u0259rbaycan\u0131n X\u0259z\u0259r d\u0259nizind\u0259ki yataqlardan Avropaya q\u0259d\u0259r uzanan 3.500 kilometrlik qaz boru k\u0259m\u0259rini vaxt\u0131nda istismara verdiyini xat\u0131rladan Prezident \u0130lham \u018fliyev deyib ki, bu, daha geni\u015f regionun enerji t\u0259hl\u00fck\u0259sizliyin\u0259 daha bir t\u00f6hf\u0259 olacaq.<\/p>\n<\/p><\/div>\n<p><script>\n        (function (d, s, id) {\n            var js, fjs = d.getElementsByTagName(s)[0];\n            if (d.getElementById(id)) return;\n            js = d.createElement(s);\n            js.id = id;\n            js.src = \"\/\/connect.facebook.net\/az_AZ\/sdk.js#xfbml=1&version=v2.7&appId=\";\n            fjs.parentNode.insertBefore(js, fjs);\n        }(document, 'script', 'facebook-jssdk'));\n    <\/script><\/p>\n","protected":false},"excerpt":{"rendered":"<p>&#8220;B\u0259rpaolunan enerji sah\u0259sin\u0259 investisiyalar Az\u0259rbaycana b\u00f6y\u00fck h\u0259cmd\u0259 t\u0259bii qaza q\u0259na\u0259t etm\u0259k imkan\u0131n\u0131 ver\u0259c\u0259k ki, h\u0259min qaz haz\u0131rda elektrik enerjisi istehsal\u0131 \u00fc\u00e7\u00fcn istifad\u0259 olunur&#8221;. Millinews.az x\u0259b\u0259r verir ki, bu fikri Az\u0259rbaycan Prezidenti \u0130lham \u018fliyev Qarada\u011f G\u00fcn\u0259\u015f Elektrik Stansiyas\u0131n\u0131n r\u0259smi a\u00e7\u0131l\u0131\u015f m\u0259rasimind\u0259 \u00e7\u0131x\u0131\u015f\u0131 zaman\u0131 s\u00f6yl\u0259yib. \u201cBu investisiyalar biz\u0259 b\u00f6y\u00fck h\u0259cmd\u0259 t\u0259bii qaza q\u0259na\u0259t etm\u0259k imkan\u0131n\u0131 ver\u0259c\u0259k ki, &hellip;<\/p>\n","protected":false},"author":1,"featured_media":5355,"comment_status":"open","ping_status":"closed","sticky":false,"template":"","format":"standard","meta":{"footnotes":""},"categories":[9],"tags":[],"class_list":["post-5354","post","type-post","status-publish","format-standard","has-post-thumbnail","hentry","category-xeber"],"_links":{"self":[{"href":"https:\/\/millitv.net\/index.php?rest_route=\/wp\/v2\/posts\/5354","targetHints":{"allow":["GET"]}}],"collection":[{"href":"https:\/\/millitv.net\/index.php?rest_route=\/wp\/v2\/posts"}],"about":[{"href":"https:\/\/millitv.net\/index.php?rest_route=\/wp\/v2\/types\/post"}],"author":[{"embeddable":true,"href":"https:\/\/millitv.net\/index.php?rest_route=\/wp\/v2\/users\/1"}],"replies":[{"embeddable":true,"href":"https:\/\/millitv.net\/index.php?rest_route=%2Fwp%2Fv2%2Fcomments&post=5354"}],"version-history":[{"count":0,"href":"https:\/\/millitv.net\/index.php?rest_route=\/wp\/v2\/posts\/5354\/revisions"}],"wp:featuredmedia":[{"embeddable":true,"href":"https:\/\/millitv.net\/index.php?rest_route=\/wp\/v2\/media\/5355"}],"wp:attachment":[{"href":"https:\/\/millitv.net\/index.php?rest_route=%2Fwp%2Fv2%2Fmedia&parent=5354"}],"wp:term":[{"taxonomy":"category","embeddable":true,"href":"https:\/\/millitv.net\/index.php?rest_route=%2Fwp%2Fv2%2Fcategories&post=5354"},{"taxonomy":"post_tag","embeddable":true,"href":"https:\/\/millitv.net\/index.php?rest_route=%2Fwp%2Fv2%2Ftags&post=5354"}],"curies":[{"name":"wp","href":"https:\/\/api.w.org\/{rel}","templated":true}]}}