{"id":5348,"date":"2023-10-26T12:54:17","date_gmt":"2023-10-26T12:54:17","guid":{"rendered":"https:\/\/millinews.az\/xeber\/prezidentin-kom%C9%99kcisinin-z%C9%99ng%C9%99zur-d%C9%99hlizi-mesaji-bakinin-yeni-plani-var\/"},"modified":"2023-10-26T12:54:17","modified_gmt":"2023-10-26T12:54:17","slug":"prezidentin-kom%C9%99kcisinin-z%C9%99ng%C9%99zur-d%C9%99hlizi-mesaji-bakinin-yeni-plani-var","status":"publish","type":"post","link":"https:\/\/millitv.net\/?p=5348","title":{"rendered":"Prezidentin k\u00f6m\u0259k\u00e7isinin Z\u0259ng\u0259zur d\u0259hlizi mesaj\u0131: Bak\u0131n\u0131n yeni plan\u0131 var?"},"content":{"rendered":"<div id=\"maincontent\">&#13;<br \/>\n        &#13;<\/p>\n<p><strong>Az\u0259rbaycan Prezidentinin k\u00f6m\u0259k\u00e7isi \u2013 Prezident Administrasiyas\u0131n\u0131n Xarici siyas\u0259t m\u0259s\u0259l\u0259l\u0259ri \u015f\u00f6b\u0259sinin m\u00fcdiri Hikm\u0259t Hac\u0131yev \u201cPolitico\u201d n\u0259\u015frin\u0259 m\u00fcsahib\u0259 verib.<br \/><\/strong><\/p>\n<p>M\u00fcsahib\u0259d\u0259 H.Hac\u0131yevin Z\u0259ng\u0259zur d\u0259hlizi il\u0259 ba\u011fl\u0131 fikirl\u0259ri x\u00fcsusi diqq\u0259t \u00e7\u0259kir. O deyib ki, \u201cT\u0259r\u0259fl\u0259r Z\u0259ng\u0259zur d\u0259hlizinin a\u00e7\u0131lmas\u0131 il\u0259 ba\u011fl\u0131 raz\u0131l\u0131\u011fa g\u0259l\u0259 bilm\u0259dikd\u0259n sonra layih\u0259 bizim \u00fc\u00e7\u00fcn c\u0259lbediciliyini itirib. &#13;\n<\/p>\n<p>M\u00f6vzuya m\u00fcnasib\u0259t bildir\u0259n <strong>politoloq Turan Rzayev<\/strong> <a href=\"https:\/\/Millinews.az\" target=\"_blank\" class=\"kw-link\" rel=\"noopener\">Millinews.az<\/a>-a bildirdi ki,  Az\u0259rbaycanla Erm\u0259nistan aras\u0131nda ged\u0259n s\u00fclh dan\u0131\u015f\u0131qlar\u0131 \u00e7\u0259r\u00e7iv\u0259sind\u0259 t\u0259r\u0259fl\u0259rin uzla\u015fa bilm\u0259diyi, fikir ayr\u0131l\u0131\u011f\u0131 ya\u015fad\u0131\u011f\u0131 bir s\u0131ra m\u00f6vzular var. Onlardan biri, b\u0259lk\u0259 d\u0259 \u0259n \u00f6n\u0259mlisi Z\u0259ng\u0259zur d\u0259hlizidir:<\/p>\n<p>&#8220;Bel\u0259 ki, r\u0259smi Bak\u0131 m\u0259s\u0259l\u0259nin 10 Noyabr b\u0259yanat\u0131nda g\u00f6st\u0259rildiyi kimi, mane\u0259siz h\u0259r\u0259k\u0259t prinsipi il\u0259 h\u0259ll edilm\u0259sini ist\u0259s\u0259 d\u0259, \u0130r\u0259van yol prinsipi il\u0259 h\u0259llind\u0259 israrl\u0131d\u0131r. H.Hac\u0131yevin s\u00f6zl\u0259rind\u0259n bel\u0259 n\u0259tic\u0259y\u0259 g\u0259lm\u0259k olar ki, t\u0259r\u0259fl\u0259r bu m\u0259s\u0259l\u0259d\u0259 uzla\u015fma \u0259ld\u0259 ed\u0259 bilm\u0259yibl\u0259r. Buna g\u00f6r\u0259 d\u0259 Az\u0259rbaycan alternativl\u0259ri n\u0259z\u0259rd\u0259n ke\u00e7irir. S\u00f6hb\u0259t \u0130ran \u0259razisind\u0259n ke\u00e7\u0259c\u0259k yoldan gedir. H.Hac\u0131yev d\u00fcn\u0259nki m\u00fcsahib\u0259sind\u0259 bildirib ki, \u201cBiz bunu \u0130ranla yerin\u0259 yetir\u0259 bil\u0259rik\u201d. O qeyd edib ki, Tehranla raz\u0131la\u015fma \u00e7\u0259r\u00e7iv\u0259sind\u0259 Az\u0259rbaycan qon\u015fu \u00f6lk\u0259d\u0259n ke\u00e7\u0259n yeni yol x\u0259ttinin t\u0259m\u0259lini qoydu.<\/p>\n<p>R\u0259smi Bak\u0131 oktyabr\u0131n 6-da Z\u0259ngilan rayonunun A\u011fb\u0259nd q\u0259s\u0259b\u0259si yax\u0131nl\u0131\u011f\u0131nda avtomobil k\u00f6rp\u00fcs\u00fc v\u0259 s\u0259rh\u0259d-g\u00f6mr\u00fck infrakstrukturunun in\u015fas\u0131, \u0259razid\u0259 sahilb\u0259rkitm\u0259 t\u0259dbirl\u0259ri layih\u0259l\u0259rinin t\u0259m\u0259lqoyma m\u0259rasimini ke\u00e7irdi. Art\u0131q tikinti i\u015fl\u0259rin\u0259 d\u0259 ba\u015flan\u0131l\u0131b. H\u0259min t\u0259dbird\u0259 Ba\u015f nazirin m\u00fcavini, Az\u0259rbaycanla \u0130ran aras\u0131nda iqtisadi, ticar\u0259t v\u0259 humanitar sah\u0259l\u0259rd\u0259 \u0259m\u0259kda\u015fl\u0131q \u00fczr\u0259 D\u00f6vl\u0259t Komissiyas\u0131n\u0131n h\u0259ms\u0259dri \u015eahin Mustafayev v\u0259 \u0130ran\u0131n yol v\u0259 \u015f\u0259h\u0259rsalma naziri, Komissiyan\u0131n \u0130ran t\u0259r\u0259fd\u0259n h\u0259ms\u0259dri Mehrdad B\u0259zrpa\u015f i\u015ftirak edibl\u0259r.<\/p>\n<p>H.Hac\u0131yevin dedikl\u0259rind\u0259n bel\u0259 n\u0259tic\u0259y\u0259 g\u0259lm\u0259k olar ki, Az\u0259rbaycan Erm\u0259nistanla kommunikasiya v\u0259 n\u0259qliyyat yollar\u0131n\u0131n a\u00e7\u0131lmas\u0131 m\u0259s\u0259l\u0259sind\u0259n tam imtina etm\u0259yib. Sad\u0259c\u0259, bu istiqam\u0259td\u0259 Erm\u0259nistanla uzla\u015fma \u0259ld\u0259 edilm\u0259diyi \u00fc\u00e7\u00fcn r\u0259smi \u0130r\u0259vana \u201cyum\u015faq g\u00fcc\u201d siyas\u0259tin\u0259 ke\u00e7id al\u0131n\u0131b&#8221;.<\/p>\n<p><strong>Politoloq qeyd etdi ki, Az\u0259rbaycan \u0130ran \u0259razisind\u0259n ke\u00e7\u0259c\u0259k yolla Nax\u00e7\u0131vana h\u0259r\u0259k\u0259ti b\u0259rpa ed\u0259c\u0259k. Bu m\u0259saf\u0259ni q\u0131saldaca\u011f\u0131 kimi b\u00f6lg\u0259nin tranzit imkanlar\u0131n\u0131 da art\u0131racaq.Turan Rzayev hesab edir ki,  Az\u0259rbaycan bununla bir daha Erm\u0259nistandan as\u0131l\u0131 olmad\u0131\u011f\u0131n\u0131, n\u0259z\u0259rd\u0259 tutulan layih\u0259l\u0259ri \u0130ranla da icra ed\u0259 bil\u0259c\u0259yini g\u00f6st\u0259rir:<\/strong><\/p>\n<p>&#8220;Lakin H.Hac\u0131yev m\u00fcsahib\u0259sind\u0259 h\u0259m d\u0259 g\u0259l\u0259c\u0259k \u00fc\u00e7\u00fcn nikbin dan\u0131\u015f\u0131r. X\u00fcsusil\u0259 onun \u201cbununla bel\u0259, \u00fcmidl\u0259r var ki, n\u0259qliyyat \u0259laq\u0259si s\u00fclh m\u00fcqavil\u0259si \u00fczr\u0259 ir\u0259lil\u0259yi\u015fin bir hiss\u0259si kimi b\u0259rpa oluna bil\u0259r, lakin Az\u0259rbaycana \u201cekstraritorial\u201d g\u00fcz\u0259\u015ftl\u0259r olmadan Erm\u0259nistan\u0131n s\u0259rh\u0259d n\u0259zar\u0259tind\u0259n yan ke\u00e7m\u0259y\u0259 imkan ver\u0259c\u0259k\u201d s\u00f6zl\u0259ri bunu dem\u0259y\u0259 \u0259sas verir.<\/p>\n<p>Hikm\u0259t Hac\u0131yev faktiki olaraq topu Erm\u0259nistan\u0131n \u00fcz\u0259rin\u0259 at\u0131r v\u0259 deyir ki, biz \u0130ranla sazi\u015f imzalay\u0131r, yol \u00e7\u0259kirik, lakin \u0130ran \u0259razisini i\u015f\u011fal etmirik. Kommunikasiyalar\u0131n a\u00e7\u0131lmas\u0131, n\u0259qliyyat\u0131n b\u0259rpas\u0131 r\u0259smi Bak\u0131n\u0131n Z\u0259ng\u0259zuru i\u015f\u011fal ed\u0259c\u0259yi m\u0259nas\u0131na g\u0259lmir.<\/p>\n<p>H.Hac\u0131yev m\u00fcsahib\u0259si zaman\u0131 a\u00e7\u0131q \u015f\u0259kild\u0259 bildirdi ki, Az\u0259rbaycan\u0131n Z\u0259ng\u0259zuru \u0259l\u0259 ke\u00e7irm\u0259k plan\u0131 yoxdur. \u0130r\u0259van\u0131n Z\u0259ng\u0259zur m\u0259s\u0259l\u0259sin\u0259 isti baxmamas\u0131n\u0131n bir s\u0259b\u0259bi d\u0259 ba\u015fda Fransa olmaqla Q\u0259rbin yalan v\u0259 uydurma dezinformasiyalar\u0131na inanmas\u0131d\u0131r. X\u00fcsusil\u0259 son g\u00fcnl\u0259r \u201cAz\u0259rbaycan Erm\u0259nistanla s\u0259rh\u0259dd\u0259 ordu c\u0259ml\u0259yir, Z\u0259ng\u0259zurda \u0259m\u0259liyyata haz\u0131rla\u015f\u0131r\u201d kimi absurd fikirl\u0259r Erm\u0259nistan ictimaiyy\u0259tind\u0259 v\u0259 siyasi elita daxilind\u0259 ciddi narahatl\u0131q yarad\u0131b. Hac\u0131yevin indiki m\u0259qamda verdiyi bu a\u00e7\u0131qlama prinsip etibaril\u0259 Erm\u0259nistandak\u0131 neqativ atmosferi aradan qald\u0131ra bil\u0259r&#8221;.<\/p>\n<p><noscript><\/p>\n<p>You must enable Javascript on your browser for the site to work optimally and display sections completely.<\/p>\n<p><\/noscript>\t\t&#13;<br \/>\n\t\t&#13;\n    <\/div>\n<p><script type=\"text\/javascript\">jQuery(document).ready(function () {\n(function(d, s, id) {\n    var js, fjs = d.getElementsByTagName(s)[0];\n    if (d.getElementById(id))\n        return;\n    js = d.createElement(s);\n    js.id = id;\n    js.src = \"\/\/connect.facebook.net\/az_AZ\/all.js#xfbml=1&appId=1002485763137712\";\n    fjs.parentNode.insertBefore(js, fjs);\n}(document, 'script', 'facebook-jssdk'));                \n});<\/script><\/p>\n","protected":false},"excerpt":{"rendered":"<p>&#13; &#13; Az\u0259rbaycan Prezidentinin k\u00f6m\u0259k\u00e7isi \u2013 Prezident Administrasiyas\u0131n\u0131n Xarici siyas\u0259t m\u0259s\u0259l\u0259l\u0259ri \u015f\u00f6b\u0259sinin m\u00fcdiri Hikm\u0259t Hac\u0131yev \u201cPolitico\u201d n\u0259\u015frin\u0259 m\u00fcsahib\u0259 verib. M\u00fcsahib\u0259d\u0259 H.Hac\u0131yevin Z\u0259ng\u0259zur d\u0259hlizi il\u0259 ba\u011fl\u0131 fikirl\u0259ri x\u00fcsusi diqq\u0259t \u00e7\u0259kir. O deyib ki, \u201cT\u0259r\u0259fl\u0259r Z\u0259ng\u0259zur d\u0259hlizinin a\u00e7\u0131lmas\u0131 il\u0259 ba\u011fl\u0131 raz\u0131l\u0131\u011fa g\u0259l\u0259 bilm\u0259dikd\u0259n sonra layih\u0259 bizim \u00fc\u00e7\u00fcn c\u0259lbediciliyini itirib. &#13; M\u00f6vzuya m\u00fcnasib\u0259t bildir\u0259n politoloq Turan Rzayev Millinews.az-a &hellip;<\/p>\n","protected":false},"author":1,"featured_media":5349,"comment_status":"open","ping_status":"closed","sticky":false,"template":"","format":"standard","meta":{"footnotes":""},"categories":[9],"tags":[],"class_list":["post-5348","post","type-post","status-publish","format-standard","has-post-thumbnail","hentry","category-xeber"],"_links":{"self":[{"href":"https:\/\/millitv.net\/index.php?rest_route=\/wp\/v2\/posts\/5348","targetHints":{"allow":["GET"]}}],"collection":[{"href":"https:\/\/millitv.net\/index.php?rest_route=\/wp\/v2\/posts"}],"about":[{"href":"https:\/\/millitv.net\/index.php?rest_route=\/wp\/v2\/types\/post"}],"author":[{"embeddable":true,"href":"https:\/\/millitv.net\/index.php?rest_route=\/wp\/v2\/users\/1"}],"replies":[{"embeddable":true,"href":"https:\/\/millitv.net\/index.php?rest_route=%2Fwp%2Fv2%2Fcomments&post=5348"}],"version-history":[{"count":0,"href":"https:\/\/millitv.net\/index.php?rest_route=\/wp\/v2\/posts\/5348\/revisions"}],"wp:featuredmedia":[{"embeddable":true,"href":"https:\/\/millitv.net\/index.php?rest_route=\/wp\/v2\/media\/5349"}],"wp:attachment":[{"href":"https:\/\/millitv.net\/index.php?rest_route=%2Fwp%2Fv2%2Fmedia&parent=5348"}],"wp:term":[{"taxonomy":"category","embeddable":true,"href":"https:\/\/millitv.net\/index.php?rest_route=%2Fwp%2Fv2%2Fcategories&post=5348"},{"taxonomy":"post_tag","embeddable":true,"href":"https:\/\/millitv.net\/index.php?rest_route=%2Fwp%2Fv2%2Ftags&post=5348"}],"curies":[{"name":"wp","href":"https:\/\/api.w.org\/{rel}","templated":true}]}}