{"id":5344,"date":"2023-10-26T12:44:54","date_gmt":"2023-10-26T12:44:54","guid":{"rendered":"https:\/\/millinews.az\/xeber\/ust-koronavirusla-bagli-cagiris-etdi-nezareti-guclendirin\/"},"modified":"2023-10-26T12:44:54","modified_gmt":"2023-10-26T12:44:54","slug":"ust-koronavirusla-bagli-cagiris-etdi-nezareti-guclendirin","status":"publish","type":"post","link":"https:\/\/millitv.net\/?p=5344","title":{"rendered":"\u00dcST koronavirusla ba\u011fl\u0131 \u00e7a\u011f\u0131r\u0131\u015f etdi: N\u018fZAR\u018fT\u0130 G\u00dcCL\u018fND\u0130R\u0130N"},"content":{"rendered":"<p><img decoding=\"async\" src=\"https:\/\/Millinews.az\/storage\/2023\/10\/26\/4p_centr-covid_597.jpg\" alt=\"\" title=\"\"><\/p>\n<div id=\"mvp-content-main\">\n<p><strong>\u00dcmumd\u00fcnya S\u0259hiyy\u0259 T\u0259\u015fkilat\u0131n\u0131n (\u00dcST) Avropa \u00fczr\u0259 regional direktoru Hans Kluqe koronavirus kimi yeni pandemiyalar\u0131n qar\u015f\u0131s\u0131n\u0131 almaq \u00fc\u00e7\u00fcn \u00f6lk\u0259l\u0259ri daha g\u00fccl\u00fc t\u0259dbirl\u0259r g\u00f6rm\u0259y\u0259 d\u0259v\u0259t edib. <\/strong><\/p>\n<p><strong><a target=\"_blank\" href=\"https:\/\/Millinews.az\" rel=\"noopener\">Millinews.az<\/a><\/strong> xarici m\u0259tbuata istinad\u0259n x\u0259b\u0259r verir ki, o, Astanada \u00dcST Avropa Komit\u0259sinin 73-c\u00fc sessiyas\u0131 \u00e7\u0259r\u00e7iv\u0259sind\u0259 ke\u00e7iril\u0259n m\u0259tbuat konfrans\u0131nda bildirib ki, \u00f6lk\u0259l\u0259r buna haz\u0131r olmal\u0131d\u0131rlar.<\/p>\n<p>&#8220;B\u00fct\u00fcn \u00f6lk\u0259l\u0259r n\u0259zar\u0259t v\u0259 t\u0259dbirl\u0259ri g\u00fccl\u0259ndirm\u0259lidir. Biz narahat\u0131q ki, bir \u00e7ox \u00f6lk\u0259l\u0259rd\u0259 n\u0259zar\u0259t s\u0259viyy\u0259si a\u015fa\u011f\u0131 d\u00fc\u015f\u00fcr. Biz bunu art\u0131rmal\u0131y\u0131q. Suya n\u0259zar\u0259t etm\u0259liyik, havan\u0131n keyfiyy\u0259ti il\u0259 ba\u011fl\u0131 yax\u015f\u0131 i\u015f g\u00f6rm\u0259liyik. \u018flb\u0259tt\u0259 ki, n\u0259 vaxtsa ikinci pandemiyan\u0131n (COVID-19 kimi) olmas\u0131 m\u00fcmk\u00fcnd\u00fcr. M\u0259s\u0259l\u0259 harada v\u0259 n\u0259 vaxt deyil, biz bu d\u0259f\u0259 daha yax\u015f\u0131 haz\u0131rla\u015f\u0131r\u0131q?\u201d, &#8211; Kluqe jurnalistl\u0259rl\u0259 s\u00f6hb\u0259tind\u0259 deyib.<\/p>\n<p>O, eyni zamanda \u0259min oldu\u011funu bildirib ki, d\u00fcnya koronavirus pandemiyas\u0131 il\u0259 m\u00fcqayis\u0259d\u0259 bu d\u0259f\u0259 bel\u0259 v\u0259ziyy\u0259tl\u0259r\u0259 daha yax\u015f\u0131 haz\u0131rd\u0131r. Kluqe diaqnostika, m\u00fcalic\u0259 v\u0259 peyv\u0259nd sah\u0259sind\u0259 \u00f6lk\u0259l\u0259r aras\u0131nda h\u0259mr\u0259yliyin v\u0259 t\u0259cr\u00fcb\u0259 m\u00fcbadil\u0259sinin vacibliyini vur\u011fulay\u0131b.<\/p>\n<p><strong>Ayt\u0259n M\u0259ftun<\/strong><\/p>\n<\/p><\/div>\n<p><script>\n        (function (d, s, id) {\n            var js, fjs = d.getElementsByTagName(s)[0];\n            if (d.getElementById(id)) return;\n            js = d.createElement(s);\n            js.id = id;\n            js.src = \"\/\/connect.facebook.net\/az_AZ\/sdk.js#xfbml=1&version=v2.7&appId=\";\n            fjs.parentNode.insertBefore(js, fjs);\n        }(document, 'script', 'facebook-jssdk'));\n    <\/script><\/p>\n","protected":false},"excerpt":{"rendered":"<p>\u00dcmumd\u00fcnya S\u0259hiyy\u0259 T\u0259\u015fkilat\u0131n\u0131n (\u00dcST) Avropa \u00fczr\u0259 regional direktoru Hans Kluqe koronavirus kimi yeni pandemiyalar\u0131n qar\u015f\u0131s\u0131n\u0131 almaq \u00fc\u00e7\u00fcn \u00f6lk\u0259l\u0259ri daha g\u00fccl\u00fc t\u0259dbirl\u0259r g\u00f6rm\u0259y\u0259 d\u0259v\u0259t edib. Millinews.az xarici m\u0259tbuata istinad\u0259n x\u0259b\u0259r verir ki, o, Astanada \u00dcST Avropa Komit\u0259sinin 73-c\u00fc sessiyas\u0131 \u00e7\u0259r\u00e7iv\u0259sind\u0259 ke\u00e7iril\u0259n m\u0259tbuat konfrans\u0131nda bildirib ki, \u00f6lk\u0259l\u0259r buna haz\u0131r olmal\u0131d\u0131rlar. &#8220;B\u00fct\u00fcn \u00f6lk\u0259l\u0259r n\u0259zar\u0259t v\u0259 t\u0259dbirl\u0259ri g\u00fccl\u0259ndirm\u0259lidir. Biz &hellip;<\/p>\n","protected":false},"author":1,"featured_media":5345,"comment_status":"open","ping_status":"closed","sticky":false,"template":"","format":"standard","meta":{"footnotes":""},"categories":[9],"tags":[],"class_list":["post-5344","post","type-post","status-publish","format-standard","has-post-thumbnail","hentry","category-xeber"],"_links":{"self":[{"href":"https:\/\/millitv.net\/index.php?rest_route=\/wp\/v2\/posts\/5344","targetHints":{"allow":["GET"]}}],"collection":[{"href":"https:\/\/millitv.net\/index.php?rest_route=\/wp\/v2\/posts"}],"about":[{"href":"https:\/\/millitv.net\/index.php?rest_route=\/wp\/v2\/types\/post"}],"author":[{"embeddable":true,"href":"https:\/\/millitv.net\/index.php?rest_route=\/wp\/v2\/users\/1"}],"replies":[{"embeddable":true,"href":"https:\/\/millitv.net\/index.php?rest_route=%2Fwp%2Fv2%2Fcomments&post=5344"}],"version-history":[{"count":0,"href":"https:\/\/millitv.net\/index.php?rest_route=\/wp\/v2\/posts\/5344\/revisions"}],"wp:featuredmedia":[{"embeddable":true,"href":"https:\/\/millitv.net\/index.php?rest_route=\/wp\/v2\/media\/5345"}],"wp:attachment":[{"href":"https:\/\/millitv.net\/index.php?rest_route=%2Fwp%2Fv2%2Fmedia&parent=5344"}],"wp:term":[{"taxonomy":"category","embeddable":true,"href":"https:\/\/millitv.net\/index.php?rest_route=%2Fwp%2Fv2%2Fcategories&post=5344"},{"taxonomy":"post_tag","embeddable":true,"href":"https:\/\/millitv.net\/index.php?rest_route=%2Fwp%2Fv2%2Ftags&post=5344"}],"curies":[{"name":"wp","href":"https:\/\/api.w.org\/{rel}","templated":true}]}}