{"id":5316,"date":"2023-10-26T11:36:39","date_gmt":"2023-10-26T11:36:39","guid":{"rendered":"https:\/\/millinews.az\/xeber\/q%C9%99zzada-humanitar-f%C9%99lak%C9%99t-var-peskov\/"},"modified":"2023-10-26T11:36:39","modified_gmt":"2023-10-26T11:36:39","slug":"q%C9%99zzada-humanitar-f%C9%99lak%C9%99t-var-peskov","status":"publish","type":"post","link":"https:\/\/millitv.net\/?p=5316","title":{"rendered":"Q\u0259zzada humanitar f\u0259lak\u0259t var &#8211; Peskov"},"content":{"rendered":"<div id=\"maincontent\">&#13;<br \/>\n        &#13;<\/p>\n<p><strong>Q\u0259zzada humanitar f\u0259lak\u0259t var. <\/strong><\/p>\n<p><a href=\"https:\/\/Millinews.az\" target=\"_blank\" class=\"kw-link\" rel=\"noopener\">Millinews.az<\/a> x\u0259b\u0259r verir ki, Kremlin s\u00f6z\u00e7\u00fcs\u00fc Dmitri Peskov bel\u0259 deyib.<strong> <\/strong>Peskov paytaxt Moskvada jurnalistl\u0259r\u0259 \u0130srail-F\u0259l\u0259stin m\u00fcnaqi\u015f\u0259si il\u0259 ba\u011fl\u0131 a\u00e7\u0131qlamalar verib. O bildirib ki, humanitar yard\u0131mlar Q\u0259zzaya \u00e7ata bilmir. Q\u0259zzaya g\u00f6nd\u0259ril\u0259n yard\u0131mlar\u0131n daxil olmas\u0131na icaz\u0259 verilm\u0259diyin\u0259 diqq\u0259t \u00e7\u0259k\u0259n Peskov, &#8220;Yaln\u0131z iki onlarla yard\u0131m ma\u015f\u0131n\u0131n\u0131n girm\u0259sin\u0259 icaz\u0259 verildi. Bu \u00e7ox azd\u0131r. \u0130nsanlar\u0131n da \u00e7\u0131xmas\u0131na icaz\u0259 verilmir. Q\u0259zzada humanitar f\u0259lak\u0259t var. Humanitar yard\u0131mlar\u0131n oraya \u00e7atd\u0131r\u0131lmas\u0131 laz\u0131md\u0131r. Quru \u0259m\u0259liyyat\u0131 ba\u015flasa, v\u0259ziyy\u0259t daha da pisl\u0259\u015f\u0259 bil\u0259r&#8221; dey\u0259 bildirib. &#13;<br \/>\n&#13;<br \/>\n        &#13;<br \/>\n&#13;<br \/>\n        &#13;<br \/>\n&#13;\n        <\/p>\n<p><noscript><\/p>\n<p>You must enable Javascript on your browser for the site to work optimally and display sections completely.<\/p>\n<p><\/noscript>\t\t&#13;<br \/>\n\t\t&#13;\n    <\/div>\n<p><script type=\"text\/javascript\">jQuery(document).ready(function () {\n(function(d, s, id) {\n    var js, fjs = d.getElementsByTagName(s)[0];\n    if (d.getElementById(id))\n        return;\n    js = d.createElement(s);\n    js.id = id;\n    js.src = \"\/\/connect.facebook.net\/az_AZ\/all.js#xfbml=1&appId=1002485763137712\";\n    fjs.parentNode.insertBefore(js, fjs);\n}(document, 'script', 'facebook-jssdk'));                \n});<\/script><\/p>\n","protected":false},"excerpt":{"rendered":"<p>&#13; &#13; Q\u0259zzada humanitar f\u0259lak\u0259t var. Millinews.az x\u0259b\u0259r verir ki, Kremlin s\u00f6z\u00e7\u00fcs\u00fc Dmitri Peskov bel\u0259 deyib. Peskov paytaxt Moskvada jurnalistl\u0259r\u0259 \u0130srail-F\u0259l\u0259stin m\u00fcnaqi\u015f\u0259si il\u0259 ba\u011fl\u0131 a\u00e7\u0131qlamalar verib. O bildirib ki, humanitar yard\u0131mlar Q\u0259zzaya \u00e7ata bilmir. Q\u0259zzaya g\u00f6nd\u0259ril\u0259n yard\u0131mlar\u0131n daxil olmas\u0131na icaz\u0259 verilm\u0259diyin\u0259 diqq\u0259t \u00e7\u0259k\u0259n Peskov, &#8220;Yaln\u0131z iki onlarla yard\u0131m ma\u015f\u0131n\u0131n\u0131n girm\u0259sin\u0259 icaz\u0259 verildi. Bu \u00e7ox azd\u0131r. &hellip;<\/p>\n","protected":false},"author":1,"featured_media":5317,"comment_status":"open","ping_status":"closed","sticky":false,"template":"","format":"standard","meta":{"footnotes":""},"categories":[9],"tags":[],"class_list":["post-5316","post","type-post","status-publish","format-standard","has-post-thumbnail","hentry","category-xeber"],"_links":{"self":[{"href":"https:\/\/millitv.net\/index.php?rest_route=\/wp\/v2\/posts\/5316","targetHints":{"allow":["GET"]}}],"collection":[{"href":"https:\/\/millitv.net\/index.php?rest_route=\/wp\/v2\/posts"}],"about":[{"href":"https:\/\/millitv.net\/index.php?rest_route=\/wp\/v2\/types\/post"}],"author":[{"embeddable":true,"href":"https:\/\/millitv.net\/index.php?rest_route=\/wp\/v2\/users\/1"}],"replies":[{"embeddable":true,"href":"https:\/\/millitv.net\/index.php?rest_route=%2Fwp%2Fv2%2Fcomments&post=5316"}],"version-history":[{"count":0,"href":"https:\/\/millitv.net\/index.php?rest_route=\/wp\/v2\/posts\/5316\/revisions"}],"wp:featuredmedia":[{"embeddable":true,"href":"https:\/\/millitv.net\/index.php?rest_route=\/wp\/v2\/media\/5317"}],"wp:attachment":[{"href":"https:\/\/millitv.net\/index.php?rest_route=%2Fwp%2Fv2%2Fmedia&parent=5316"}],"wp:term":[{"taxonomy":"category","embeddable":true,"href":"https:\/\/millitv.net\/index.php?rest_route=%2Fwp%2Fv2%2Fcategories&post=5316"},{"taxonomy":"post_tag","embeddable":true,"href":"https:\/\/millitv.net\/index.php?rest_route=%2Fwp%2Fv2%2Ftags&post=5316"}],"curies":[{"name":"wp","href":"https:\/\/api.w.org\/{rel}","templated":true}]}}