{"id":5298,"date":"2023-10-26T10:53:24","date_gmt":"2023-10-26T10:53:24","guid":{"rendered":"https:\/\/millinews.az\/xeber\/abs-da-yeni-prezident-olsa-ukrayna-il%C9%99-bagli-movqe-d%C9%99yis%C9%99c%C9%99k\/"},"modified":"2023-10-26T10:53:24","modified_gmt":"2023-10-26T10:53:24","slug":"abs-da-yeni-prezident-olsa-ukrayna-il%C9%99-bagli-movqe-d%C9%99yis%C9%99c%C9%99k","status":"publish","type":"post","link":"https:\/\/millitv.net\/?p=5298","title":{"rendered":"AB\u015e-da yeni prezident olsa, Ukrayna il\u0259 ba\u011fl\u0131 m\u00f6vqe d\u0259yi\u015f\u0259c\u0259k?"},"content":{"rendered":"<p><img decoding=\"async\" src=\"https:\/\/Millinews.az\/storage\/2019\/02\/12\/peskov.jpg\" alt=\"\" title=\"\"><\/p>\n<div id=\"mvp-content-main\">\n<p><strong>Amerika lideri Co Bayden ba\u015fqas\u0131 il\u0259 \u0259v\u0259zl\u0259ns\u0259, AB\u015e-\u0131n Ukrayna b\u00f6hran\u0131 il\u0259 ba\u011fl\u0131 m\u00f6vqeyi d\u0259yi\u015fm\u0259y\u0259c\u0259k.<\/strong><\/p>\n<p><strong><a target=\"_blank\" href=\"https:\/\/Millinews.az\" rel=\"noopener\">Millinews.az<\/a><\/strong> x\u0259b\u0259r verir ki, bu fikri Rusiya prezidentinin m\u0259tbuat katibi Dmitri Peskov konfrans zaman\u0131 deyib.<\/p>\n<p>\u201cXeyr, m\u0259n bel\u0259 d\u00fc\u015f\u00fcnm\u00fcr\u0259m\u201d dey\u0259n Kreml n\u00fcmay\u0259nd\u0259si 2024-c\u00fc ild\u0259 ke\u00e7iril\u0259c\u0259k se\u00e7kil\u0259rd\u0259n sonra AB\u015e-\u0131n Ukrayna il\u0259 ba\u011fl\u0131 m\u00f6vqeyind\u0259 m\u00fcmk\u00fcn d\u0259yi\u015fiklikl\u0259 ba\u011fl\u0131 suala cavab verib.<\/p>\n<\/p><\/div>\n<p><script>\n        (function (d, s, id) {\n            var js, fjs = d.getElementsByTagName(s)[0];\n            if (d.getElementById(id)) return;\n            js = d.createElement(s);\n            js.id = id;\n            js.src = \"\/\/connect.facebook.net\/az_AZ\/sdk.js#xfbml=1&version=v2.7&appId=\";\n            fjs.parentNode.insertBefore(js, fjs);\n        }(document, 'script', 'facebook-jssdk'));\n    <\/script><\/p>\n","protected":false},"excerpt":{"rendered":"<p>Amerika lideri Co Bayden ba\u015fqas\u0131 il\u0259 \u0259v\u0259zl\u0259ns\u0259, AB\u015e-\u0131n Ukrayna b\u00f6hran\u0131 il\u0259 ba\u011fl\u0131 m\u00f6vqeyi d\u0259yi\u015fm\u0259y\u0259c\u0259k. Millinews.az x\u0259b\u0259r verir ki, bu fikri Rusiya prezidentinin m\u0259tbuat katibi Dmitri Peskov konfrans zaman\u0131 deyib. \u201cXeyr, m\u0259n bel\u0259 d\u00fc\u015f\u00fcnm\u00fcr\u0259m\u201d dey\u0259n Kreml n\u00fcmay\u0259nd\u0259si 2024-c\u00fc ild\u0259 ke\u00e7iril\u0259c\u0259k se\u00e7kil\u0259rd\u0259n sonra AB\u015e-\u0131n Ukrayna il\u0259 ba\u011fl\u0131 m\u00f6vqeyind\u0259 m\u00fcmk\u00fcn d\u0259yi\u015fiklikl\u0259 ba\u011fl\u0131 suala cavab verib.<\/p>\n","protected":false},"author":1,"featured_media":5299,"comment_status":"open","ping_status":"closed","sticky":false,"template":"","format":"standard","meta":{"footnotes":""},"categories":[9],"tags":[],"class_list":["post-5298","post","type-post","status-publish","format-standard","has-post-thumbnail","hentry","category-xeber"],"_links":{"self":[{"href":"https:\/\/millitv.net\/index.php?rest_route=\/wp\/v2\/posts\/5298","targetHints":{"allow":["GET"]}}],"collection":[{"href":"https:\/\/millitv.net\/index.php?rest_route=\/wp\/v2\/posts"}],"about":[{"href":"https:\/\/millitv.net\/index.php?rest_route=\/wp\/v2\/types\/post"}],"author":[{"embeddable":true,"href":"https:\/\/millitv.net\/index.php?rest_route=\/wp\/v2\/users\/1"}],"replies":[{"embeddable":true,"href":"https:\/\/millitv.net\/index.php?rest_route=%2Fwp%2Fv2%2Fcomments&post=5298"}],"version-history":[{"count":0,"href":"https:\/\/millitv.net\/index.php?rest_route=\/wp\/v2\/posts\/5298\/revisions"}],"wp:featuredmedia":[{"embeddable":true,"href":"https:\/\/millitv.net\/index.php?rest_route=\/wp\/v2\/media\/5299"}],"wp:attachment":[{"href":"https:\/\/millitv.net\/index.php?rest_route=%2Fwp%2Fv2%2Fmedia&parent=5298"}],"wp:term":[{"taxonomy":"category","embeddable":true,"href":"https:\/\/millitv.net\/index.php?rest_route=%2Fwp%2Fv2%2Fcategories&post=5298"},{"taxonomy":"post_tag","embeddable":true,"href":"https:\/\/millitv.net\/index.php?rest_route=%2Fwp%2Fv2%2Ftags&post=5298"}],"curies":[{"name":"wp","href":"https:\/\/api.w.org\/{rel}","templated":true}]}}