{"id":5286,"date":"2023-10-26T10:13:00","date_gmt":"2023-10-26T10:13:00","guid":{"rendered":"https:\/\/millinews.az\/xeber\/efird%C9%99-aldigi-x%C9%99b%C9%99r-k%C9%99mal%C9%99ni-goz-yaslarina-bogdu-hali-pisl%C9%99sdi\/"},"modified":"2023-10-26T10:13:00","modified_gmt":"2023-10-26T10:13:00","slug":"efird%C9%99-aldigi-x%C9%99b%C9%99r-k%C9%99mal%C9%99ni-goz-yaslarina-bogdu-hali-pisl%C9%99sdi","status":"publish","type":"post","link":"https:\/\/millitv.net\/?p=5286","title":{"rendered":"Efird\u0259 ald\u0131\u011f\u0131 x\u0259b\u0259r K\u0259mal\u0259ni g\u00f6z ya\u015flar\u0131na bo\u011fdu: Hal\u0131 pisl\u0259\u015fdi"},"content":{"rendered":"<p><img decoding=\"async\" src=\"https:\/\/Millinews.az\/storage\/2023\/10\/26\/396629019_3661924124042761_113904554055346890_n.jpg\" alt=\"\" title=\"\"><\/p>\n<div id=\"mvp-content-main\">\n<p><strong>M\u00fc\u011f\u0259nni K\u0259mal\u0259 Qaramollayeva efird\u0259 g\u00f6z ya\u015flar\u0131na bo\u011fulub.<\/strong><\/p>\n<p><strong><a target=\"_blank\" href=\"https:\/\/Millinews.az\" rel=\"noopener\">Millinews.az<\/a><\/strong> x\u0259b\u0259r verir ki, buna s\u0259b\u0259b s\u0259n\u0259t\u00e7inin 11 il yan\u0131nda b\u0259sl\u0259diyi itinin \u00f6l\u00fcm aya\u011f\u0131nda olmas\u0131 olub. <\/p>\n<p>Ev heyvan\u0131na ba\u011fl\u0131 olan K\u0259mal\u0259 itinin s\u0259daq\u0259tliyind\u0259n dan\u0131\u015faraq a\u011flay\u0131b. Ke\u00e7mi\u015f xatir\u0259l\u0259rind\u0259n s\u00f6z a\u00e7an Qaramollayeva bildirib ki, \u00f6vlad sahibi olmad\u0131\u011f\u0131n\u0131 bil\u0259nd\u0259 t\u0259s\u0259llini itind\u0259 tap\u0131b.<br \/>&#13;<br \/>\nProqram\u0131n gedi\u015fat\u0131nda m\u00fc\u011f\u0259nniy\u0259 itinin \u00f6ld\u00fcy\u00fc x\u0259b\u0259ri verilib. H\u0259min an \u00f6z\u00fcn\u0259 yer tapa bilm\u0259y\u0259n K\u0259mal\u0259 g\u00f6z ya\u015f\u0131 i\u00e7ind\u0259 ham\u0131dan \u00fczr ist\u0259y\u0259r\u0259k t\u0259cili \u015f\u0259kild\u0259 studiyan\u0131 t\u0259rk edib v\u0259 ev\u0259 yollan\u0131b. <\/p>\n<p>Verili\u015fd\u0259 yay\u0131mlanan s\u00f6z\u00fcged\u0259n g\u00f6r\u00fcnt\u00fcl\u0259ri siz\u0259 t\u0259qdim edirik: <br \/>&#13;\n <\/p>\n<p><iframe loading=\"lazy\" allow=\"autoplay; encrypted-media\" allowfullscreen=\"\" frameborder=\"0\" height=\"360\" seamless=\"\" src=\"https:\/\/player.bizim.media\/?v=23254\" width=\"640\"><\/iframe><\/p>\n<p>Bizim.Media<\/p>\n<\/p><\/div>\n<p><script>\n        (function (d, s, id) {\n            var js, fjs = d.getElementsByTagName(s)[0];\n            if (d.getElementById(id)) return;\n            js = d.createElement(s);\n            js.id = id;\n            js.src = \"\/\/connect.facebook.net\/az_AZ\/sdk.js#xfbml=1&version=v2.7&appId=\";\n            fjs.parentNode.insertBefore(js, fjs);\n        }(document, 'script', 'facebook-jssdk'));\n    <\/script><\/p>\n","protected":false},"excerpt":{"rendered":"<p>M\u00fc\u011f\u0259nni K\u0259mal\u0259 Qaramollayeva efird\u0259 g\u00f6z ya\u015flar\u0131na bo\u011fulub. Millinews.az x\u0259b\u0259r verir ki, buna s\u0259b\u0259b s\u0259n\u0259t\u00e7inin 11 il yan\u0131nda b\u0259sl\u0259diyi itinin \u00f6l\u00fcm aya\u011f\u0131nda olmas\u0131 olub. Ev heyvan\u0131na ba\u011fl\u0131 olan K\u0259mal\u0259 itinin s\u0259daq\u0259tliyind\u0259n dan\u0131\u015faraq a\u011flay\u0131b. Ke\u00e7mi\u015f xatir\u0259l\u0259rind\u0259n s\u00f6z a\u00e7an Qaramollayeva bildirib ki, \u00f6vlad sahibi olmad\u0131\u011f\u0131n\u0131 bil\u0259nd\u0259 t\u0259s\u0259llini itind\u0259 tap\u0131b.&#13; Proqram\u0131n gedi\u015fat\u0131nda m\u00fc\u011f\u0259nniy\u0259 itinin \u00f6ld\u00fcy\u00fc x\u0259b\u0259ri verilib. H\u0259min an &hellip;<\/p>\n","protected":false},"author":1,"featured_media":5287,"comment_status":"open","ping_status":"closed","sticky":false,"template":"","format":"standard","meta":{"footnotes":""},"categories":[9],"tags":[],"class_list":["post-5286","post","type-post","status-publish","format-standard","has-post-thumbnail","hentry","category-xeber"],"_links":{"self":[{"href":"https:\/\/millitv.net\/index.php?rest_route=\/wp\/v2\/posts\/5286","targetHints":{"allow":["GET"]}}],"collection":[{"href":"https:\/\/millitv.net\/index.php?rest_route=\/wp\/v2\/posts"}],"about":[{"href":"https:\/\/millitv.net\/index.php?rest_route=\/wp\/v2\/types\/post"}],"author":[{"embeddable":true,"href":"https:\/\/millitv.net\/index.php?rest_route=\/wp\/v2\/users\/1"}],"replies":[{"embeddable":true,"href":"https:\/\/millitv.net\/index.php?rest_route=%2Fwp%2Fv2%2Fcomments&post=5286"}],"version-history":[{"count":0,"href":"https:\/\/millitv.net\/index.php?rest_route=\/wp\/v2\/posts\/5286\/revisions"}],"wp:featuredmedia":[{"embeddable":true,"href":"https:\/\/millitv.net\/index.php?rest_route=\/wp\/v2\/media\/5287"}],"wp:attachment":[{"href":"https:\/\/millitv.net\/index.php?rest_route=%2Fwp%2Fv2%2Fmedia&parent=5286"}],"wp:term":[{"taxonomy":"category","embeddable":true,"href":"https:\/\/millitv.net\/index.php?rest_route=%2Fwp%2Fv2%2Fcategories&post=5286"},{"taxonomy":"post_tag","embeddable":true,"href":"https:\/\/millitv.net\/index.php?rest_route=%2Fwp%2Fv2%2Ftags&post=5286"}],"curies":[{"name":"wp","href":"https:\/\/api.w.org\/{rel}","templated":true}]}}